{"id":16961,"date":"2023-09-08T19:36:29","date_gmt":"2023-09-09T01:36:29","guid":{"rendered":"https:\/\/gobernacionaltaverapaz.gob.gt\/?p=16961"},"modified":"2023-09-11T11:58:36","modified_gmt":"2023-09-11T17:58:36","slug":"supervision-de-proyectos-panzos-2020-2024","status":"publish","type":"post","link":"https:\/\/gobernacionaltaverapaz.gob.gt\/?p=16961","title":{"rendered":"Supervisi\u00f3n de proyectos Panz\u00f3s 2020-2024"},"content":{"rendered":"<p><a href=\"https:\/\/www.facebook.com\/hashtag\/altaverapaz?__eep__=6&amp;__cft__[0]=AZVB6ydM122GCeCTP4Mcgu72DMmh1x2GsmunNMNJv_muw1K5wGZKGvM7kKKoHYYOJc-P7LO4tGu8tc2bblCOw79PPc4xbVHiuoWb7row1vVh8ovXTNPI_2TVS-YzSN9i_veZR9EDJT9Hq-RjICXmCe27q0yTz4vKMtiNHWfWiTmpJDk4aDNAOdl7bI5s6SlTbN8&amp;__tn__=*NK-R\" target=\"_blank\" rel=\"noopener\">#AltaVerapaz<\/a><\/p>\n<p style=\"text-align: justify;\">La Sra. Gobernadora Departamental de Alta Verapaz. Licda. Angela Alvarado Ten\u00ed, acompa\u00f1ada del Sr. Ernesto Ram\u00edrez Alcalde de la <a href=\"https:\/\/www.facebook.com\/profile.php?id=100027942715316&amp;__cft__[0]=AZVB6ydM122GCeCTP4Mcgu72DMmh1x2GsmunNMNJv_muw1K5wGZKGvM7kKKoHYYOJc-P7LO4tGu8tc2bblCOw79PPc4xbVHiuoWb7row1vVh8ovXTNPI_2TVS-YzSN9i_veZR9EDJT9Hq-RjICXmCe27q0yTz4vKMtiNHWfWiTmpJDk4aDNAOdl7bI5s6SlTbN8&amp;__tn__=-]K-R\" target=\"_blank\" rel=\"noopener\">Municipalidad de Panz\u00f3s 2020-2024<\/a> y cocodes, llevaron a cabo la supervisi\u00f3n de los proyectos:<\/p>\n<ul style=\"text-align: justify;\">\n<li>Ampliaci\u00f3n Escuela Primaria de Caser\u00edo Canl\u00fan II, Panz\u00f3s, A.V.<\/li>\n<li>Ampliaci\u00f3n Centro Comunitario de Salud Caser\u00edo Carabajal, Panz\u00f3s, A.V.<\/li>\n<li>Construcci\u00f3n Escuela Primaria Caser\u00edo Concepci\u00f3n, Panz\u00f3s, A.V.<\/li>\n<li>Mejoramiento camino rural Caser\u00edo Cacavila, (adoquinamiento) Panz\u00f3s, A.V.<\/li>\n<\/ul>\n<p style=\"text-align: justify;\"><a href=\"https:\/\/www.facebook.com\/hashtag\/elgobdelosguatemaltecos?__eep__=6&amp;__cft__[0]=AZVB6ydM122GCeCTP4Mcgu72DMmh1x2GsmunNMNJv_muw1K5wGZKGvM7kKKoHYYOJc-P7LO4tGu8tc2bblCOw79PPc4xbVHiuoWb7row1vVh8ovXTNPI_2TVS-YzSN9i_veZR9EDJT9Hq-RjICXmCe27q0yTz4vKMtiNHWfWiTmpJDk4aDNAOdl7bI5s6SlTbN8&amp;__tn__=*NK-R\" target=\"_blank\" rel=\"noopener\">#ElGobDeLosGuatemaltecos<\/a><\/p>\n<div><\/div>\n","protected":false},"excerpt":{"rendered":"<p>#AltaVerapaz La Sra. Gobernadora Departamental de Alta Verapaz. Licda. Angela Alvarado Ten\u00ed, acompa\u00f1ada del Sr. Ernesto Ram\u00edrez Alcalde de la Municipalidad de Panz\u00f3s 2020-2024 y cocodes, llevaron a cabo la supervisi\u00f3n de los proyectos: Ampliaci\u00f3n Escuela Primaria de Caser\u00edo Canl\u00fan II, Panz\u00f3s, A.V. Ampliaci\u00f3n Centro Comunitario de Salud Caser\u00edo Carabajal, Panz\u00f3s, A.V. Construcci\u00f3n Escuela Primaria [&hellip;]<\/p>\n","protected":false},"author":1,"featured_media":16966,"comment_status":"closed","ping_status":"open","sticky":false,"template":"","format":"gallery","meta":[],"categories":[2,195,4],"tags":[178],"_links":{"self":[{"href":"https:\/\/gobernacionaltaverapaz.gob.gt\/index.php?rest_route=\/wp\/v2\/posts\/16961"}],"collection":[{"href":"https:\/\/gobernacionaltaverapaz.gob.gt\/index.php?rest_route=\/wp\/v2\/posts"}],"about":[{"href":"https:\/\/gobernacionaltaverapaz.gob.gt\/index.php?rest_route=\/wp\/v2\/types\/post"}],"author":[{"embeddable":true,"href":"https:\/\/gobernacionaltaverapaz.gob.gt\/index.php?rest_route=\/wp\/v2\/users\/1"}],"replies":[{"embeddable":true,"href":"https:\/\/gobernacionaltaverapaz.gob.gt\/index.php?rest_route=%2Fwp%2Fv2%2Fcomments&post=16961"}],"version-history":[{"count":3,"href":"https:\/\/gobernacionaltaverapaz.gob.gt\/index.php?rest_route=\/wp\/v2\/posts\/16961\/revisions"}],"predecessor-version":[{"id":16976,"href":"https:\/\/gobernacionaltaverapaz.gob.gt\/index.php?rest_route=\/wp\/v2\/posts\/16961\/revisions\/16976"}],"wp:featuredmedia":[{"embeddable":true,"href":"https:\/\/gobernacionaltaverapaz.gob.gt\/index.php?rest_route=\/wp\/v2\/media\/16966"}],"wp:attachment":[{"href":"https:\/\/gobernacionaltaverapaz.gob.gt\/index.php?rest_route=%2Fwp%2Fv2%2Fmedia&parent=16961"}],"wp:term":[{"taxonomy":"category","embeddable":true,"href":"https:\/\/gobernacionaltaverapaz.gob.gt\/index.php?rest_route=%2Fwp%2Fv2%2Fcategories&post=16961"},{"taxonomy":"post_tag","embeddable":true,"href":"https:\/\/gobernacionaltaverapaz.gob.gt\/index.php?rest_route=%2Fwp%2Fv2%2Ftags&post=16961"}],"curies":[{"name":"wp","href":"https:\/\/api.w.org\/{rel}","templated":true}]}}