{"id":16977,"date":"2023-09-12T12:59:22","date_gmt":"2023-09-12T18:59:22","guid":{"rendered":"https:\/\/gobernacionaltaverapaz.gob.gt\/?p=16977"},"modified":"2023-09-18T10:30:18","modified_gmt":"2023-09-18T16:30:18","slug":"charla-informativa-sobre-las-funciones-de-la-administracion-publica-dirigida-a-estudiantes-de-la-escuela-oficial-urbana-mixta-rafael-landivar","status":"publish","type":"post","link":"https:\/\/gobernacionaltaverapaz.gob.gt\/?p=16977","title":{"rendered":"Charla informativa sobre las funciones de la Administraci\u00f3n P\u00fablica dirigida a estudiantes de la Escuela Oficial Urbana Mixta Rafael Land\u00edvar"},"content":{"rendered":"<p><a href=\"https:\/\/www.facebook.com\/hashtag\/altaverapaz?__eep__=6&amp;__cft__[0]=AZUgainQeDahDmS3RIiN7pW27-ICqg3jAfvG46oL3CZfmRjS5O03V0OOQVZ4FcAVBVtqmuV8JlKKwqY8W8zXaQMo3yMRz_DnfYj2dCn0ksy0pGQWYmE1l-vFB-xzjiWp-ZOFDrWi2eEwn3RWz5ngJleIOBk-WIodJbWP2TDkUgMN2pVwXjHzskWcgXqeVdY600d07rcCvQK2p-IKkIkat5ns&amp;__tn__=*NK-R\" target=\"_blank\" rel=\"noopener\">#AltaVerapaz<\/a><\/p>\n<p style=\"text-align: justify;\">El d\u00eda de hoy la Se\u00f1ora Gobernadora Departamental de Alta Verapaz, particip\u00f3 en una charla informativa sobre las funciones de la Administraci\u00f3n P\u00fablica dirigida a estudiantes de la Escuela Oficial Urbana Mixta Rafael Land\u00edvar en las instalaciones de la <a href=\"https:\/\/www.facebook.com\/people\/Municipalidad-de-Chahal-Oficial\/100085389811870\/?__cft__[0]=AZUgainQeDahDmS3RIiN7pW27-ICqg3jAfvG46oL3CZfmRjS5O03V0OOQVZ4FcAVBVtqmuV8JlKKwqY8W8zXaQMo3yMRz_DnfYj2dCn0ksy0pGQWYmE1l-vFB-xzjiWp-ZOFDrWi2eEwn3RWz5ngJleIOBk-WIodJbWP2TDkUgMN2pVwXjHzskWcgXqeVdY600d07rcCvQK2p-IKkIkat5ns&amp;__tn__=-]K-R\" target=\"_blank\" rel=\"noopener\">Municipalidad de Chahal Oficial<\/a>.<\/p>\n<p><a href=\"https:\/\/www.facebook.com\/hashtag\/elgobdelosguatemaltecos?__eep__=6&amp;__cft__[0]=AZUgainQeDahDmS3RIiN7pW27-ICqg3jAfvG46oL3CZfmRjS5O03V0OOQVZ4FcAVBVtqmuV8JlKKwqY8W8zXaQMo3yMRz_DnfYj2dCn0ksy0pGQWYmE1l-vFB-xzjiWp-ZOFDrWi2eEwn3RWz5ngJleIOBk-WIodJbWP2TDkUgMN2pVwXjHzskWcgXqeVdY600d07rcCvQK2p-IKkIkat5ns&amp;__tn__=*NK-R\" target=\"_blank\" rel=\"noopener\">#ElGobDeLosGuatemaltecos<\/a><\/p>\n<div><\/div>\n","protected":false},"excerpt":{"rendered":"<p>#AltaVerapaz El d\u00eda de hoy la Se\u00f1ora Gobernadora Departamental de Alta Verapaz, particip\u00f3 en una charla informativa sobre las funciones de la Administraci\u00f3n P\u00fablica dirigida a estudiantes de la Escuela Oficial Urbana Mixta Rafael Land\u00edvar en las instalaciones de la Municipalidad de Chahal Oficial. #ElGobDeLosGuatemaltecos<\/p>\n","protected":false},"author":1,"featured_media":16982,"comment_status":"closed","ping_status":"open","sticky":false,"template":"","format":"gallery","meta":[],"categories":[2],"tags":[178],"_links":{"self":[{"href":"https:\/\/gobernacionaltaverapaz.gob.gt\/index.php?rest_route=\/wp\/v2\/posts\/16977"}],"collection":[{"href":"https:\/\/gobernacionaltaverapaz.gob.gt\/index.php?rest_route=\/wp\/v2\/posts"}],"about":[{"href":"https:\/\/gobernacionaltaverapaz.gob.gt\/index.php?rest_route=\/wp\/v2\/types\/post"}],"author":[{"embeddable":true,"href":"https:\/\/gobernacionaltaverapaz.gob.gt\/index.php?rest_route=\/wp\/v2\/users\/1"}],"replies":[{"embeddable":true,"href":"https:\/\/gobernacionaltaverapaz.gob.gt\/index.php?rest_route=%2Fwp%2Fv2%2Fcomments&post=16977"}],"version-history":[{"count":2,"href":"https:\/\/gobernacionaltaverapaz.gob.gt\/index.php?rest_route=\/wp\/v2\/posts\/16977\/revisions"}],"predecessor-version":[{"id":16987,"href":"https:\/\/gobernacionaltaverapaz.gob.gt\/index.php?rest_route=\/wp\/v2\/posts\/16977\/revisions\/16987"}],"wp:featuredmedia":[{"embeddable":true,"href":"https:\/\/gobernacionaltaverapaz.gob.gt\/index.php?rest_route=\/wp\/v2\/media\/16982"}],"wp:attachment":[{"href":"https:\/\/gobernacionaltaverapaz.gob.gt\/index.php?rest_route=%2Fwp%2Fv2%2Fmedia&parent=16977"}],"wp:term":[{"taxonomy":"category","embeddable":true,"href":"https:\/\/gobernacionaltaverapaz.gob.gt\/index.php?rest_route=%2Fwp%2Fv2%2Fcategories&post=16977"},{"taxonomy":"post_tag","embeddable":true,"href":"https:\/\/gobernacionaltaverapaz.gob.gt\/index.php?rest_route=%2Fwp%2Fv2%2Ftags&post=16977"}],"curies":[{"name":"wp","href":"https:\/\/api.w.org\/{rel}","templated":true}]}}