{"id":16988,"date":"2023-09-13T10:00:39","date_gmt":"2023-09-13T16:00:39","guid":{"rendered":"https:\/\/gobernacionaltaverapaz.gob.gt\/?p=16988"},"modified":"2023-09-18T10:45:47","modified_gmt":"2023-09-18T16:45:47","slug":"supervision-de-proyectos-chahal-a-v","status":"publish","type":"post","link":"https:\/\/gobernacionaltaverapaz.gob.gt\/?p=16988","title":{"rendered":"Supervisi\u00f3n de proyectos Chahal, A.V."},"content":{"rendered":"<p style=\"text-align: justify;\"><a href=\"https:\/\/www.facebook.com\/hashtag\/altaverapaz?__eep__=6&amp;__cft__[0]=AZUHbJlm89Ha4mi4KLGcyC5FtyxRm5P0_-yk6LnUmH2_RxwYMjZggizsoR1tnks9dB5aq_ZHxEX_TAJk-CI52905xFYeivuZiGL6tIDC8ek2ooTEFG28bVOMYL1nSHP_m7UfuK1SNMukzKpFRgqYZzsRXhX6wOiqOoSY0eOA9bLljkBzmurSsPj_rymJMI4AdjKHTgec-08yU8mY8NbJHdUY&amp;__tn__=*NK-R\" target=\"_blank\" rel=\"noopener\">#AltaVerapaz<\/a><\/p>\n<p style=\"text-align: justify;\">La Se\u00f1ora Gobernadora Departamental de Alta Verapaz, acompa\u00f1ada de la Directora del <a href=\"https:\/\/www.facebook.com\/codede.av?__cft__[0]=AZUHbJlm89Ha4mi4KLGcyC5FtyxRm5P0_-yk6LnUmH2_RxwYMjZggizsoR1tnks9dB5aq_ZHxEX_TAJk-CI52905xFYeivuZiGL6tIDC8ek2ooTEFG28bVOMYL1nSHP_m7UfuK1SNMukzKpFRgqYZzsRXhX6wOiqOoSY0eOA9bLljkBzmurSsPj_rymJMI4AdjKHTgec-08yU8mY8NbJHdUY&amp;__tn__=-]K-R\" target=\"_blank\" rel=\"noopener\">Codede AV<\/a>, representante de la <a href=\"https:\/\/www.facebook.com\/people\/Municipalidad-de-Chahal-Oficial\/100085389811870\/?__cft__[0]=AZUHbJlm89Ha4mi4KLGcyC5FtyxRm5P0_-yk6LnUmH2_RxwYMjZggizsoR1tnks9dB5aq_ZHxEX_TAJk-CI52905xFYeivuZiGL6tIDC8ek2ooTEFG28bVOMYL1nSHP_m7UfuK1SNMukzKpFRgqYZzsRXhX6wOiqOoSY0eOA9bLljkBzmurSsPj_rymJMI4AdjKHTgec-08yU8mY8NbJHdUY&amp;__tn__=-]K-R\" target=\"_blank\" rel=\"noopener\">Municipalidad de Chahal Oficial<\/a> y supervisor de los proyectos. Llevaron a cabo la supervisi\u00f3n de:<\/p>\n<ul style=\"text-align: justify;\">\n<li>Ampliaci\u00f3n Escuela Primaria Caser\u00edo Santa Rita, Chahal, A.V.<\/li>\n<li>Construcci\u00f3n Centro Comunitario de Salud, Caser\u00edo Sesaltul, Chahal, A.V.<\/li>\n<\/ul>\n<p style=\"text-align: justify;\"><a href=\"https:\/\/www.facebook.com\/hashtag\/elgobdelosguatemaltecos?__eep__=6&amp;__cft__[0]=AZUHbJlm89Ha4mi4KLGcyC5FtyxRm5P0_-yk6LnUmH2_RxwYMjZggizsoR1tnks9dB5aq_ZHxEX_TAJk-CI52905xFYeivuZiGL6tIDC8ek2ooTEFG28bVOMYL1nSHP_m7UfuK1SNMukzKpFRgqYZzsRXhX6wOiqOoSY0eOA9bLljkBzmurSsPj_rymJMI4AdjKHTgec-08yU8mY8NbJHdUY&amp;__tn__=*NK-R\" target=\"_blank\" rel=\"noopener\">#ElGobDeLosGuatemaltecos<\/a><\/p>\n<div><\/div>\n","protected":false},"excerpt":{"rendered":"<p>#AltaVerapaz La Se\u00f1ora Gobernadora Departamental de Alta Verapaz, acompa\u00f1ada de la Directora del Codede AV, representante de la Municipalidad de Chahal Oficial y supervisor de los proyectos. Llevaron a cabo la supervisi\u00f3n de: Ampliaci\u00f3n Escuela Primaria Caser\u00edo Santa Rita, Chahal, A.V. Construcci\u00f3n Centro Comunitario de Salud, Caser\u00edo Sesaltul, Chahal, A.V. #ElGobDeLosGuatemaltecos<\/p>\n","protected":false},"author":1,"featured_media":16989,"comment_status":"closed","ping_status":"open","sticky":false,"template":"","format":"gallery","meta":[],"categories":[2,195,5],"tags":[178],"_links":{"self":[{"href":"https:\/\/gobernacionaltaverapaz.gob.gt\/index.php?rest_route=\/wp\/v2\/posts\/16988"}],"collection":[{"href":"https:\/\/gobernacionaltaverapaz.gob.gt\/index.php?rest_route=\/wp\/v2\/posts"}],"about":[{"href":"https:\/\/gobernacionaltaverapaz.gob.gt\/index.php?rest_route=\/wp\/v2\/types\/post"}],"author":[{"embeddable":true,"href":"https:\/\/gobernacionaltaverapaz.gob.gt\/index.php?rest_route=\/wp\/v2\/users\/1"}],"replies":[{"embeddable":true,"href":"https:\/\/gobernacionaltaverapaz.gob.gt\/index.php?rest_route=%2Fwp%2Fv2%2Fcomments&post=16988"}],"version-history":[{"count":2,"href":"https:\/\/gobernacionaltaverapaz.gob.gt\/index.php?rest_route=\/wp\/v2\/posts\/16988\/revisions"}],"predecessor-version":[{"id":16999,"href":"https:\/\/gobernacionaltaverapaz.gob.gt\/index.php?rest_route=\/wp\/v2\/posts\/16988\/revisions\/16999"}],"wp:featuredmedia":[{"embeddable":true,"href":"https:\/\/gobernacionaltaverapaz.gob.gt\/index.php?rest_route=\/wp\/v2\/media\/16989"}],"wp:attachment":[{"href":"https:\/\/gobernacionaltaverapaz.gob.gt\/index.php?rest_route=%2Fwp%2Fv2%2Fmedia&parent=16988"}],"wp:term":[{"taxonomy":"category","embeddable":true,"href":"https:\/\/gobernacionaltaverapaz.gob.gt\/index.php?rest_route=%2Fwp%2Fv2%2Fcategories&post=16988"},{"taxonomy":"post_tag","embeddable":true,"href":"https:\/\/gobernacionaltaverapaz.gob.gt\/index.php?rest_route=%2Fwp%2Fv2%2Ftags&post=16988"}],"curies":[{"name":"wp","href":"https:\/\/api.w.org\/{rel}","templated":true}]}}