{"id":17000,"date":"2023-09-13T15:09:58","date_gmt":"2023-09-13T21:09:58","guid":{"rendered":"https:\/\/gobernacionaltaverapaz.gob.gt\/?p=17000"},"modified":"2023-09-18T11:02:32","modified_gmt":"2023-09-18T17:02:32","slug":"supervision-de-proyectos-chahal-a-v-2","status":"publish","type":"post","link":"https:\/\/gobernacionaltaverapaz.gob.gt\/?p=17000","title":{"rendered":"Supervisi\u00f3n de proyectos Chahal, A.V."},"content":{"rendered":"<p><a href=\"https:\/\/www.facebook.com\/hashtag\/altaverapaz?__eep__=6&amp;__cft__[0]=AZUHbJlm89Ha4mi4KLGcyC5FtyxRm5P0_-yk6LnUmH2_RxwYMjZggizsoR1tnks9dB5aq_ZHxEX_TAJk-CI52905xFYeivuZiGL6tIDC8ek2ooTEFG28bVOMYL1nSHP_m7UfuK1SNMukzKpFRgqYZzsRXhX6wOiqOoSY0eOA9bLljkBzmurSsPj_rymJMI4AdjKHTgec-08yU8mY8NbJHdUY&amp;__tn__=*NK-R\" target=\"_blank\" rel=\"noopener\">#AltaVerapaz<\/a><\/p>\n<p style=\"text-align: justify;\">La Se\u00f1ora Gobernadora Departamental de Alta Verapaz Licda. Angela Alvarado Ten\u00ed, acompa\u00f1ada de la Directora del <a href=\"https:\/\/www.facebook.com\/codede.av?__cft__[0]=AZXdY1Pxurlx7oZvM8GcwOPv1-Mt8k8AiAPVZ6RWeTZZ0vnLhgwhv8mX2sdKwqQuJ4eNomHKknAuzin9XhxP30vTnLqpXcofVCgnpGWSxuEOD1KinElzUX4K2jRp_L4mbiddb1-mHk8ao9RzM9ycUA7ZZlu533QCi8U2aAIaWvNZ5439EaLStFOvKFZ3nbRpsQDnItSY3_Q2FAoSiyOubJmI&amp;__tn__=-]K-R\" target=\"_blank\" rel=\"noopener\">Codede AV<\/a> Ing. Nicte Herrera, representante de la <a href=\"https:\/\/www.facebook.com\/people\/Municipalidad-de-Chahal-Oficial\/100085389811870\/?__cft__[0]=AZXdY1Pxurlx7oZvM8GcwOPv1-Mt8k8AiAPVZ6RWeTZZ0vnLhgwhv8mX2sdKwqQuJ4eNomHKknAuzin9XhxP30vTnLqpXcofVCgnpGWSxuEOD1KinElzUX4K2jRp_L4mbiddb1-mHk8ao9RzM9ycUA7ZZlu533QCi8U2aAIaWvNZ5439EaLStFOvKFZ3nbRpsQDnItSY3_Q2FAoSiyOubJmI&amp;__tn__=-]K-R\" target=\"_blank\" rel=\"noopener\">Municipalidad de Chahal Oficial<\/a> y supervisor de los proyectos. Llevaron a cabo la supervisi\u00f3n de:<\/p>\n<ul>\n<li style=\"text-align: justify;\">Mejoramiento Centro de Salud, Barrio El Centro, San Fernando Chahal, A.V.<\/li>\n<li style=\"text-align: justify;\">Ampliaci\u00f3n Escuela Primaria, Barrio San Lucas, Chahal, A.V.<\/li>\n<\/ul>\n<p><a href=\"https:\/\/www.facebook.com\/hashtag\/elgobdelosguatemaltecos?__eep__=6&amp;__cft__[0]=AZXdY1Pxurlx7oZvM8GcwOPv1-Mt8k8AiAPVZ6RWeTZZ0vnLhgwhv8mX2sdKwqQuJ4eNomHKknAuzin9XhxP30vTnLqpXcofVCgnpGWSxuEOD1KinElzUX4K2jRp_L4mbiddb1-mHk8ao9RzM9ycUA7ZZlu533QCi8U2aAIaWvNZ5439EaLStFOvKFZ3nbRpsQDnItSY3_Q2FAoSiyOubJmI&amp;__tn__=*NK-R\" target=\"_blank\" rel=\"noopener\">#ElGobDeLosGuatemaltecos<\/a><br \/>\n<a href=\"https:\/\/www.facebook.com\/hashtag\/accionesquetransforman?__eep__=6&amp;__cft__[0]=AZXdY1Pxurlx7oZvM8GcwOPv1-Mt8k8AiAPVZ6RWeTZZ0vnLhgwhv8mX2sdKwqQuJ4eNomHKknAuzin9XhxP30vTnLqpXcofVCgnpGWSxuEOD1KinElzUX4K2jRp_L4mbiddb1-mHk8ao9RzM9ycUA7ZZlu533QCi8U2aAIaWvNZ5439EaLStFOvKFZ3nbRpsQDnItSY3_Q2FAoSiyOubJmI&amp;__tn__=*NK-R\" target=\"_blank\" rel=\"noopener\">#AccionesQueTransforman<\/a><\/p>\n<div><\/div>\n","protected":false},"excerpt":{"rendered":"<p>#AltaVerapaz La Se\u00f1ora Gobernadora Departamental de Alta Verapaz Licda. Angela Alvarado Ten\u00ed, acompa\u00f1ada de la Directora del Codede AV Ing. Nicte Herrera, representante de la Municipalidad de Chahal Oficial y supervisor de los proyectos. Llevaron a cabo la supervisi\u00f3n de: Mejoramiento Centro de Salud, Barrio El Centro, San Fernando Chahal, A.V. Ampliaci\u00f3n Escuela Primaria, Barrio [&hellip;]<\/p>\n","protected":false},"author":1,"featured_media":17006,"comment_status":"closed","ping_status":"open","sticky":false,"template":"","format":"gallery","meta":[],"categories":[2,5],"tags":[178],"_links":{"self":[{"href":"https:\/\/gobernacionaltaverapaz.gob.gt\/index.php?rest_route=\/wp\/v2\/posts\/17000"}],"collection":[{"href":"https:\/\/gobernacionaltaverapaz.gob.gt\/index.php?rest_route=\/wp\/v2\/posts"}],"about":[{"href":"https:\/\/gobernacionaltaverapaz.gob.gt\/index.php?rest_route=\/wp\/v2\/types\/post"}],"author":[{"embeddable":true,"href":"https:\/\/gobernacionaltaverapaz.gob.gt\/index.php?rest_route=\/wp\/v2\/users\/1"}],"replies":[{"embeddable":true,"href":"https:\/\/gobernacionaltaverapaz.gob.gt\/index.php?rest_route=%2Fwp%2Fv2%2Fcomments&post=17000"}],"version-history":[{"count":2,"href":"https:\/\/gobernacionaltaverapaz.gob.gt\/index.php?rest_route=\/wp\/v2\/posts\/17000\/revisions"}],"predecessor-version":[{"id":17012,"href":"https:\/\/gobernacionaltaverapaz.gob.gt\/index.php?rest_route=\/wp\/v2\/posts\/17000\/revisions\/17012"}],"wp:featuredmedia":[{"embeddable":true,"href":"https:\/\/gobernacionaltaverapaz.gob.gt\/index.php?rest_route=\/wp\/v2\/media\/17006"}],"wp:attachment":[{"href":"https:\/\/gobernacionaltaverapaz.gob.gt\/index.php?rest_route=%2Fwp%2Fv2%2Fmedia&parent=17000"}],"wp:term":[{"taxonomy":"category","embeddable":true,"href":"https:\/\/gobernacionaltaverapaz.gob.gt\/index.php?rest_route=%2Fwp%2Fv2%2Fcategories&post=17000"},{"taxonomy":"post_tag","embeddable":true,"href":"https:\/\/gobernacionaltaverapaz.gob.gt\/index.php?rest_route=%2Fwp%2Fv2%2Ftags&post=17000"}],"curies":[{"name":"wp","href":"https:\/\/api.w.org\/{rel}","templated":true}]}}