{"id":17013,"date":"2023-09-13T19:34:52","date_gmt":"2023-09-14T01:34:52","guid":{"rendered":"https:\/\/gobernacionaltaverapaz.gob.gt\/?p=17013"},"modified":"2023-09-18T13:50:33","modified_gmt":"2023-09-18T19:50:33","slug":"supervision-de-proyectos-de-los-diferentes-municipios","status":"publish","type":"post","link":"https:\/\/gobernacionaltaverapaz.gob.gt\/?p=17013","title":{"rendered":"Supervisi\u00f3n de proyectos en los diferentes municipios"},"content":{"rendered":"<p style=\"text-align: justify;\"><a href=\"https:\/\/www.facebook.com\/hashtag\/alta?__eep__=6&amp;__cft__[0]=AZXG5N3vwKQWccOZYDh2uOnr0jvH1Db8dtgkUf59fYqm3OAJvV1w0WuOvZ4iqWpXnNr29z6B8hURB1JZy4gtYvocJzecj1m48D5-dpvTHa8ZW1U_D-DIisRZvZydQi-Ek19r3bCEM99kjmcHN9RHTvUnGMQlOFavpORbCag-dQcW3joeAH82JxY3DVA8Su2EPuOyEh-p-DiQbvkJo48AJn60&amp;__tn__=*NK-R\" target=\"_blank\" rel=\"noopener\">#Alta Verapaz<\/a><\/p>\n<p style=\"text-align: justify;\">La Se\u00f1ora Gobernadora Departamental de Alta Verapaz Licda. Angela Alvarado Ten\u00ed, acompa\u00f1ada de la Directora del <a href=\"https:\/\/www.facebook.com\/codede.av?__cft__[0]=AZXG5N3vwKQWccOZYDh2uOnr0jvH1Db8dtgkUf59fYqm3OAJvV1w0WuOvZ4iqWpXnNr29z6B8hURB1JZy4gtYvocJzecj1m48D5-dpvTHa8ZW1U_D-DIisRZvZydQi-Ek19r3bCEM99kjmcHN9RHTvUnGMQlOFavpORbCag-dQcW3joeAH82JxY3DVA8Su2EPuOyEh-p-DiQbvkJo48AJn60&amp;__tn__=-]K-R\" target=\"_blank\" rel=\"noopener\">Codede AV<\/a> Ing. Nicte Herrera, representante de la <a href=\"https:\/\/www.facebook.com\/people\/Municipalidad-de-Chahal-Oficial\/100085389811870\/?__cft__[0]=AZXG5N3vwKQWccOZYDh2uOnr0jvH1Db8dtgkUf59fYqm3OAJvV1w0WuOvZ4iqWpXnNr29z6B8hURB1JZy4gtYvocJzecj1m48D5-dpvTHa8ZW1U_D-DIisRZvZydQi-Ek19r3bCEM99kjmcHN9RHTvUnGMQlOFavpORbCag-dQcW3joeAH82JxY3DVA8Su2EPuOyEh-p-DiQbvkJo48AJn60&amp;__tn__=-]K-R\" target=\"_blank\" rel=\"noopener\">Municipalidad de Chahal Oficial<\/a>, <a href=\"https:\/\/www.facebook.com\/TuMuniRax?__cft__[0]=AZXG5N3vwKQWccOZYDh2uOnr0jvH1Db8dtgkUf59fYqm3OAJvV1w0WuOvZ4iqWpXnNr29z6B8hURB1JZy4gtYvocJzecj1m48D5-dpvTHa8ZW1U_D-DIisRZvZydQi-Ek19r3bCEM99kjmcHN9RHTvUnGMQlOFavpORbCag-dQcW3joeAH82JxY3DVA8Su2EPuOyEh-p-DiQbvkJo48AJn60&amp;__tn__=-]K-R\" target=\"_blank\" rel=\"noopener\">Muni Raxruha<\/a> y supervisor de proyectos. Llevaron a cabo la supervisi\u00f3n de proyectos de los diferentes municipios.<\/p>\n<ul>\n<li style=\"text-align: justify;\">Construcci\u00f3n Centro Comunitario de Salud Caser\u00edo Sepac, Chahal, A.V.<\/li>\n<li style=\"text-align: justify;\">Construcci\u00f3n Centro de Apoyo Integral Para Mujer Sobreviviente de Violencia ( CAIMUS ) de la Franja Transversal del Norte, Barrio Concepci\u00f3n, Raxruh\u00e1, A.V.<\/li>\n<\/ul>\n<p><a href=\"https:\/\/www.facebook.com\/hashtag\/elgobdelosguatemaltecos?__eep__=6&amp;__cft__[0]=AZXG5N3vwKQWccOZYDh2uOnr0jvH1Db8dtgkUf59fYqm3OAJvV1w0WuOvZ4iqWpXnNr29z6B8hURB1JZy4gtYvocJzecj1m48D5-dpvTHa8ZW1U_D-DIisRZvZydQi-Ek19r3bCEM99kjmcHN9RHTvUnGMQlOFavpORbCag-dQcW3joeAH82JxY3DVA8Su2EPuOyEh-p-DiQbvkJo48AJn60&amp;__tn__=*NK-R\" target=\"_blank\" rel=\"noopener\">#ElGobDeLosGuatemaltecos<\/a><br \/>\n<a href=\"https:\/\/www.facebook.com\/hashtag\/accionesquetransforman?__eep__=6&amp;__cft__[0]=AZXG5N3vwKQWccOZYDh2uOnr0jvH1Db8dtgkUf59fYqm3OAJvV1w0WuOvZ4iqWpXnNr29z6B8hURB1JZy4gtYvocJzecj1m48D5-dpvTHa8ZW1U_D-DIisRZvZydQi-Ek19r3bCEM99kjmcHN9RHTvUnGMQlOFavpORbCag-dQcW3joeAH82JxY3DVA8Su2EPuOyEh-p-DiQbvkJo48AJn60&amp;__tn__=*NK-R\" target=\"_blank\" rel=\"noopener\">#AccionesQueTransforman<\/a><\/p>\n<div><\/div>\n","protected":false},"excerpt":{"rendered":"<p>#Alta Verapaz La Se\u00f1ora Gobernadora Departamental de Alta Verapaz Licda. Angela Alvarado Ten\u00ed, acompa\u00f1ada de la Directora del Codede AV Ing. Nicte Herrera, representante de la Municipalidad de Chahal Oficial, Muni Raxruha y supervisor de proyectos. Llevaron a cabo la supervisi\u00f3n de proyectos de los diferentes municipios. Construcci\u00f3n Centro Comunitario de Salud Caser\u00edo Sepac, Chahal, [&hellip;]<\/p>\n","protected":false},"author":1,"featured_media":17022,"comment_status":"closed","ping_status":"open","sticky":false,"template":"","format":"gallery","meta":[],"categories":[195,5],"tags":[178],"_links":{"self":[{"href":"https:\/\/gobernacionaltaverapaz.gob.gt\/index.php?rest_route=\/wp\/v2\/posts\/17013"}],"collection":[{"href":"https:\/\/gobernacionaltaverapaz.gob.gt\/index.php?rest_route=\/wp\/v2\/posts"}],"about":[{"href":"https:\/\/gobernacionaltaverapaz.gob.gt\/index.php?rest_route=\/wp\/v2\/types\/post"}],"author":[{"embeddable":true,"href":"https:\/\/gobernacionaltaverapaz.gob.gt\/index.php?rest_route=\/wp\/v2\/users\/1"}],"replies":[{"embeddable":true,"href":"https:\/\/gobernacionaltaverapaz.gob.gt\/index.php?rest_route=%2Fwp%2Fv2%2Fcomments&post=17013"}],"version-history":[{"count":4,"href":"https:\/\/gobernacionaltaverapaz.gob.gt\/index.php?rest_route=\/wp\/v2\/posts\/17013\/revisions"}],"predecessor-version":[{"id":17027,"href":"https:\/\/gobernacionaltaverapaz.gob.gt\/index.php?rest_route=\/wp\/v2\/posts\/17013\/revisions\/17027"}],"wp:featuredmedia":[{"embeddable":true,"href":"https:\/\/gobernacionaltaverapaz.gob.gt\/index.php?rest_route=\/wp\/v2\/media\/17022"}],"wp:attachment":[{"href":"https:\/\/gobernacionaltaverapaz.gob.gt\/index.php?rest_route=%2Fwp%2Fv2%2Fmedia&parent=17013"}],"wp:term":[{"taxonomy":"category","embeddable":true,"href":"https:\/\/gobernacionaltaverapaz.gob.gt\/index.php?rest_route=%2Fwp%2Fv2%2Fcategories&post=17013"},{"taxonomy":"post_tag","embeddable":true,"href":"https:\/\/gobernacionaltaverapaz.gob.gt\/index.php?rest_route=%2Fwp%2Fv2%2Ftags&post=17013"}],"curies":[{"name":"wp","href":"https:\/\/api.w.org\/{rel}","templated":true}]}}