{"id":17028,"date":"2023-09-15T08:36:40","date_gmt":"2023-09-15T14:36:40","guid":{"rendered":"https:\/\/gobernacionaltaverapaz.gob.gt\/?p=17028"},"modified":"2023-09-18T14:03:41","modified_gmt":"2023-09-18T20:03:41","slug":"izada-de-la-bandera-nacional-en-el-parque-central-de-coban","status":"publish","type":"post","link":"https:\/\/gobernacionaltaverapaz.gob.gt\/?p=17028","title":{"rendered":"Izada de la Bandera Nacional en el Parque Central de Cob\u00e1n"},"content":{"rendered":"<p style=\"text-align: justify;\">En conmemoraci\u00f3n de los 202 A\u00f1os de Independencia de Guatemala, ayer se llev\u00f3 a cabo la Izada de la Bandera Nacional en el Parque Central de Cob\u00e1n. Con mucho Fervor Patrio, ciudadanos presentes participaron en el Acto C\u00edvico, vi\u00e9ndose adem\u00e1s, el encendido de antorchas llevadas por ni\u00f1os, \u00a0j\u00f3venes, adultos, hombres y mujeres a diferentes partes del Departamento y el Pa\u00eds.<\/p>\n<p style=\"text-align: justify;\">\u00a1<strong>Felices fiestas de Independencia<\/strong>!<\/p>\n<div><\/div>\n","protected":false},"excerpt":{"rendered":"<p>En conmemoraci\u00f3n de los 202 A\u00f1os de Independencia de Guatemala, ayer se llev\u00f3 a cabo la Izada de la Bandera Nacional en el Parque Central de Cob\u00e1n. Con mucho Fervor Patrio, ciudadanos presentes participaron en el Acto C\u00edvico, vi\u00e9ndose adem\u00e1s, el encendido de antorchas llevadas por ni\u00f1os, \u00a0j\u00f3venes, adultos, hombres y mujeres a diferentes partes [&hellip;]<\/p>\n","protected":false},"author":1,"featured_media":17034,"comment_status":"closed","ping_status":"open","sticky":false,"template":"","format":"gallery","meta":[],"categories":[183],"tags":[178],"_links":{"self":[{"href":"https:\/\/gobernacionaltaverapaz.gob.gt\/index.php?rest_route=\/wp\/v2\/posts\/17028"}],"collection":[{"href":"https:\/\/gobernacionaltaverapaz.gob.gt\/index.php?rest_route=\/wp\/v2\/posts"}],"about":[{"href":"https:\/\/gobernacionaltaverapaz.gob.gt\/index.php?rest_route=\/wp\/v2\/types\/post"}],"author":[{"embeddable":true,"href":"https:\/\/gobernacionaltaverapaz.gob.gt\/index.php?rest_route=\/wp\/v2\/users\/1"}],"replies":[{"embeddable":true,"href":"https:\/\/gobernacionaltaverapaz.gob.gt\/index.php?rest_route=%2Fwp%2Fv2%2Fcomments&post=17028"}],"version-history":[{"count":2,"href":"https:\/\/gobernacionaltaverapaz.gob.gt\/index.php?rest_route=\/wp\/v2\/posts\/17028\/revisions"}],"predecessor-version":[{"id":17045,"href":"https:\/\/gobernacionaltaverapaz.gob.gt\/index.php?rest_route=\/wp\/v2\/posts\/17028\/revisions\/17045"}],"wp:featuredmedia":[{"embeddable":true,"href":"https:\/\/gobernacionaltaverapaz.gob.gt\/index.php?rest_route=\/wp\/v2\/media\/17034"}],"wp:attachment":[{"href":"https:\/\/gobernacionaltaverapaz.gob.gt\/index.php?rest_route=%2Fwp%2Fv2%2Fmedia&parent=17028"}],"wp:term":[{"taxonomy":"category","embeddable":true,"href":"https:\/\/gobernacionaltaverapaz.gob.gt\/index.php?rest_route=%2Fwp%2Fv2%2Fcategories&post=17028"},{"taxonomy":"post_tag","embeddable":true,"href":"https:\/\/gobernacionaltaverapaz.gob.gt\/index.php?rest_route=%2Fwp%2Fv2%2Ftags&post=17028"}],"curies":[{"name":"wp","href":"https:\/\/api.w.org\/{rel}","templated":true}]}}