{"id":17046,"date":"2023-09-15T16:40:24","date_gmt":"2023-09-15T22:40:24","guid":{"rendered":"https:\/\/gobernacionaltaverapaz.gob.gt\/?p=17046"},"modified":"2023-09-18T14:25:19","modified_gmt":"2023-09-18T20:25:19","slug":"desfile-civico-en-conmemoracion-a-los-202-anos-de-independencia","status":"publish","type":"post","link":"https:\/\/gobernacionaltaverapaz.gob.gt\/?p=17046","title":{"rendered":"Desfile C\u00edvico en conmemoraci\u00f3n a los 202 A\u00f1os de Independencia"},"content":{"rendered":"<p><a href=\"https:\/\/www.facebook.com\/hashtag\/altaverapaz?__eep__=6&amp;__cft__[0]=AZX_-36Fb2kRDUOAWeMGiXe5xblvBV-W0hY_ecIfJP2C8UPh3oK-FCR1M3XbavxupyN-lqcsI9d1O10d1mAIXVf_Zu8tr4l2bu0ISA0pRaILDmi1zTYiM4UyMrzbLowzcPqv9ggCrA8mN2_ehal5H5qyzc7gDrRSmnFvLpyIuQE4IDXDEJ79ukuMy29tUMOhU86ymBMVh-0ThLxDh1rkzNx0&amp;__tn__=*NK-R\" target=\"_blank\" rel=\"noopener\">#AltaVerapaz<\/a><\/p>\n<p style=\"text-align: justify;\">La Se\u00f1ora Gobernadora Departamental de Alta Verapaz, Licda. Angela Alvarado Ten\u00ed en acompa\u00f1amiento de autoridades locales, participaron en el desfile C\u00edvico en conmemoraci\u00f3n a los 202 A\u00f1os de Independencia, donde los estudiantes de los diferentes centros educativos p\u00fablicos y privados desfilaron con sus mejores galas.<\/p>\n<p><a href=\"https:\/\/www.facebook.com\/hashtag\/elgobdelosguatemaltecos?__eep__=6&amp;__cft__[0]=AZX_-36Fb2kRDUOAWeMGiXe5xblvBV-W0hY_ecIfJP2C8UPh3oK-FCR1M3XbavxupyN-lqcsI9d1O10d1mAIXVf_Zu8tr4l2bu0ISA0pRaILDmi1zTYiM4UyMrzbLowzcPqv9ggCrA8mN2_ehal5H5qyzc7gDrRSmnFvLpyIuQE4IDXDEJ79ukuMy29tUMOhU86ymBMVh-0ThLxDh1rkzNx0&amp;__tn__=*NK-R\" target=\"_blank\" rel=\"noopener\">#ElGobDeLosGuatemaltecos<\/a><br \/>\n<a href=\"https:\/\/www.facebook.com\/hashtag\/accionesquetransforman?__eep__=6&amp;__cft__[0]=AZX_-36Fb2kRDUOAWeMGiXe5xblvBV-W0hY_ecIfJP2C8UPh3oK-FCR1M3XbavxupyN-lqcsI9d1O10d1mAIXVf_Zu8tr4l2bu0ISA0pRaILDmi1zTYiM4UyMrzbLowzcPqv9ggCrA8mN2_ehal5H5qyzc7gDrRSmnFvLpyIuQE4IDXDEJ79ukuMy29tUMOhU86ymBMVh-0ThLxDh1rkzNx0&amp;__tn__=*NK-R\" target=\"_blank\" rel=\"noopener\">#AccionesQueTransforman<\/a><\/p>\n<div><\/div>\n","protected":false},"excerpt":{"rendered":"<p>#AltaVerapaz La Se\u00f1ora Gobernadora Departamental de Alta Verapaz, Licda. Angela Alvarado Ten\u00ed en acompa\u00f1amiento de autoridades locales, participaron en el desfile C\u00edvico en conmemoraci\u00f3n a los 202 A\u00f1os de Independencia, donde los estudiantes de los diferentes centros educativos p\u00fablicos y privados desfilaron con sus mejores galas. #ElGobDeLosGuatemaltecos #AccionesQueTransforman<\/p>\n","protected":false},"author":1,"featured_media":17067,"comment_status":"closed","ping_status":"open","sticky":false,"template":"","format":"gallery","meta":[],"categories":[183],"tags":[178],"_links":{"self":[{"href":"https:\/\/gobernacionaltaverapaz.gob.gt\/index.php?rest_route=\/wp\/v2\/posts\/17046"}],"collection":[{"href":"https:\/\/gobernacionaltaverapaz.gob.gt\/index.php?rest_route=\/wp\/v2\/posts"}],"about":[{"href":"https:\/\/gobernacionaltaverapaz.gob.gt\/index.php?rest_route=\/wp\/v2\/types\/post"}],"author":[{"embeddable":true,"href":"https:\/\/gobernacionaltaverapaz.gob.gt\/index.php?rest_route=\/wp\/v2\/users\/1"}],"replies":[{"embeddable":true,"href":"https:\/\/gobernacionaltaverapaz.gob.gt\/index.php?rest_route=%2Fwp%2Fv2%2Fcomments&post=17046"}],"version-history":[{"count":2,"href":"https:\/\/gobernacionaltaverapaz.gob.gt\/index.php?rest_route=\/wp\/v2\/posts\/17046\/revisions"}],"predecessor-version":[{"id":17076,"href":"https:\/\/gobernacionaltaverapaz.gob.gt\/index.php?rest_route=\/wp\/v2\/posts\/17046\/revisions\/17076"}],"wp:featuredmedia":[{"embeddable":true,"href":"https:\/\/gobernacionaltaverapaz.gob.gt\/index.php?rest_route=\/wp\/v2\/media\/17067"}],"wp:attachment":[{"href":"https:\/\/gobernacionaltaverapaz.gob.gt\/index.php?rest_route=%2Fwp%2Fv2%2Fmedia&parent=17046"}],"wp:term":[{"taxonomy":"category","embeddable":true,"href":"https:\/\/gobernacionaltaverapaz.gob.gt\/index.php?rest_route=%2Fwp%2Fv2%2Fcategories&post=17046"},{"taxonomy":"post_tag","embeddable":true,"href":"https:\/\/gobernacionaltaverapaz.gob.gt\/index.php?rest_route=%2Fwp%2Fv2%2Ftags&post=17046"}],"curies":[{"name":"wp","href":"https:\/\/api.w.org\/{rel}","templated":true}]}}