{"id":17078,"date":"2023-09-19T13:15:55","date_gmt":"2023-09-19T19:15:55","guid":{"rendered":"https:\/\/gobernacionaltaverapaz.gob.gt\/?p=17078"},"modified":"2023-09-21T12:00:03","modified_gmt":"2023-09-21T18:00:03","slug":"conferencia-de-prensa-para-dar-a-conocer-a-la-poblacion-las-acciones-realizadas-a-nivel-departamental-para-mitigar-la-propagacion-del-dengue","status":"publish","type":"post","link":"https:\/\/gobernacionaltaverapaz.gob.gt\/?p=17078","title":{"rendered":"Alta Verapaz fortalece acciones contra el dengue"},"content":{"rendered":"<p><a href=\"https:\/\/www.facebook.com\/hashtag\/altaverapaz?__eep__=6&amp;__cft__[0]=AZX7UVyJd6-wkRbenQ-mSsRTAY4A4aPZgS6YG427GFq_XTqAKugm8-hqSFCNuG7ZCbJ5zHVDQe3lIMG3nHRHyCeDOnSlCZJKWbOevX62IwS_MLq3qVIM5n46zqKEoFmP9dYVcTnXYYgnktb5tNNmmPzkvQGN101-opZ-biXv97CLyV9-SlZOigcdET21McOcByhKbACNCJJ9Qj6GAodbExpz&amp;__tn__=*NK-R\" target=\"_blank\" rel=\"noopener\">#AltaVerapaz<\/a><\/p>\n<p style=\"text-align: justify;\">El d\u00eda de hoy la Se\u00f1ora Gobernadora Departamental de Alta Verapaz. Licda. Angela Yelitza Alvarado Ten\u00ed, en compa\u00f1\u00eda de Jefes de las diferentes Instituciones, <a href=\"https:\/\/www.facebook.com\/MinisteriodeSaludPublicayAsistenciaSocial?__cft__[0]=AZX7UVyJd6-wkRbenQ-mSsRTAY4A4aPZgS6YG427GFq_XTqAKugm8-hqSFCNuG7ZCbJ5zHVDQe3lIMG3nHRHyCeDOnSlCZJKWbOevX62IwS_MLq3qVIM5n46zqKEoFmP9dYVcTnXYYgnktb5tNNmmPzkvQGN101-opZ-biXv97CLyV9-SlZOigcdET21McOcByhKbACNCJJ9Qj6GAodbExpz&amp;__tn__=-]K-R\" target=\"_blank\" rel=\"noopener\">Ministerio de Salud P\u00fablica y Asistencia Social<\/a>, <a href=\"https:\/\/www.facebook.com\/people\/Pnc-comisaria-51\/100069220629548\/?__cft__[0]=AZX7UVyJd6-wkRbenQ-mSsRTAY4A4aPZgS6YG427GFq_XTqAKugm8-hqSFCNuG7ZCbJ5zHVDQe3lIMG3nHRHyCeDOnSlCZJKWbOevX62IwS_MLq3qVIM5n46zqKEoFmP9dYVcTnXYYgnktb5tNNmmPzkvQGN101-opZ-biXv97CLyV9-SlZOigcdET21McOcByhKbACNCJJ9Qj6GAodbExpz&amp;__tn__=-]K-R\" target=\"_blank\" rel=\"noopener\">PNC comisaria 51<\/a>, <a href=\"https:\/\/www.facebook.com\/conredgt?__cft__[0]=AZX7UVyJd6-wkRbenQ-mSsRTAY4A4aPZgS6YG427GFq_XTqAKugm8-hqSFCNuG7ZCbJ5zHVDQe3lIMG3nHRHyCeDOnSlCZJKWbOevX62IwS_MLq3qVIM5n46zqKEoFmP9dYVcTnXYYgnktb5tNNmmPzkvQGN101-opZ-biXv97CLyV9-SlZOigcdET21McOcByhKbACNCJJ9Qj6GAodbExpz&amp;__tn__=-]K-R\" target=\"_blank\" rel=\"noopener\">Conred<\/a>\u00a0 y <a href=\"https:\/\/www.facebook.com\/MiMuniCoban?__cft__[0]=AZX7UVyJd6-wkRbenQ-mSsRTAY4A4aPZgS6YG427GFq_XTqAKugm8-hqSFCNuG7ZCbJ5zHVDQe3lIMG3nHRHyCeDOnSlCZJKWbOevX62IwS_MLq3qVIM5n46zqKEoFmP9dYVcTnXYYgnktb5tNNmmPzkvQGN101-opZ-biXv97CLyV9-SlZOigcdET21McOcByhKbACNCJJ9Qj6GAodbExpz&amp;__tn__=-]K-R\" target=\"_blank\" rel=\"noopener\">Municipalidad De Cob\u00e1n<\/a>, llevaron a cabo una Conferencia de Prensa para dar a conocer a la poblaci\u00f3n las Acciones realizadas a nivel Departamental para Mitigar la Propagaci\u00f3n del Dengue.<\/p>\n<p><a href=\"https:\/\/www.facebook.com\/hashtag\/elgobdelosguatemaltecos?__eep__=6&amp;__cft__[0]=AZX7UVyJd6-wkRbenQ-mSsRTAY4A4aPZgS6YG427GFq_XTqAKugm8-hqSFCNuG7ZCbJ5zHVDQe3lIMG3nHRHyCeDOnSlCZJKWbOevX62IwS_MLq3qVIM5n46zqKEoFmP9dYVcTnXYYgnktb5tNNmmPzkvQGN101-opZ-biXv97CLyV9-SlZOigcdET21McOcByhKbACNCJJ9Qj6GAodbExpz&amp;__tn__=*NK-R\" target=\"_blank\" rel=\"noopener\">#ElGobDeLosGuatemaltecos<\/a><br \/>\n<a href=\"https:\/\/www.facebook.com\/hashtag\/accionesquetransforman?__eep__=6&amp;__cft__[0]=AZX7UVyJd6-wkRbenQ-mSsRTAY4A4aPZgS6YG427GFq_XTqAKugm8-hqSFCNuG7ZCbJ5zHVDQe3lIMG3nHRHyCeDOnSlCZJKWbOevX62IwS_MLq3qVIM5n46zqKEoFmP9dYVcTnXYYgnktb5tNNmmPzkvQGN101-opZ-biXv97CLyV9-SlZOigcdET21McOcByhKbACNCJJ9Qj6GAodbExpz&amp;__tn__=*NK-R\" target=\"_blank\" rel=\"noopener\">#AccionesQueTransforman<\/a><\/p>\n<div><\/div>\n","protected":false},"excerpt":{"rendered":"<p>#AltaVerapaz El d\u00eda de hoy la Se\u00f1ora Gobernadora Departamental de Alta Verapaz. Licda. Angela Yelitza Alvarado Ten\u00ed, en compa\u00f1\u00eda de Jefes de las diferentes Instituciones, Ministerio de Salud P\u00fablica y Asistencia Social, PNC comisaria 51, Conred\u00a0 y Municipalidad De Cob\u00e1n, llevaron a cabo una Conferencia de Prensa para dar a conocer a la poblaci\u00f3n las [&hellip;]<\/p>\n","protected":false},"author":1,"featured_media":17083,"comment_status":"closed","ping_status":"open","sticky":false,"template":"","format":"gallery","meta":[],"categories":[5],"tags":[178],"_links":{"self":[{"href":"https:\/\/gobernacionaltaverapaz.gob.gt\/index.php?rest_route=\/wp\/v2\/posts\/17078"}],"collection":[{"href":"https:\/\/gobernacionaltaverapaz.gob.gt\/index.php?rest_route=\/wp\/v2\/posts"}],"about":[{"href":"https:\/\/gobernacionaltaverapaz.gob.gt\/index.php?rest_route=\/wp\/v2\/types\/post"}],"author":[{"embeddable":true,"href":"https:\/\/gobernacionaltaverapaz.gob.gt\/index.php?rest_route=\/wp\/v2\/users\/1"}],"replies":[{"embeddable":true,"href":"https:\/\/gobernacionaltaverapaz.gob.gt\/index.php?rest_route=%2Fwp%2Fv2%2Fcomments&post=17078"}],"version-history":[{"count":4,"href":"https:\/\/gobernacionaltaverapaz.gob.gt\/index.php?rest_route=\/wp\/v2\/posts\/17078\/revisions"}],"predecessor-version":[{"id":17100,"href":"https:\/\/gobernacionaltaverapaz.gob.gt\/index.php?rest_route=\/wp\/v2\/posts\/17078\/revisions\/17100"}],"wp:featuredmedia":[{"embeddable":true,"href":"https:\/\/gobernacionaltaverapaz.gob.gt\/index.php?rest_route=\/wp\/v2\/media\/17083"}],"wp:attachment":[{"href":"https:\/\/gobernacionaltaverapaz.gob.gt\/index.php?rest_route=%2Fwp%2Fv2%2Fmedia&parent=17078"}],"wp:term":[{"taxonomy":"category","embeddable":true,"href":"https:\/\/gobernacionaltaverapaz.gob.gt\/index.php?rest_route=%2Fwp%2Fv2%2Fcategories&post=17078"},{"taxonomy":"post_tag","embeddable":true,"href":"https:\/\/gobernacionaltaverapaz.gob.gt\/index.php?rest_route=%2Fwp%2Fv2%2Ftags&post=17078"}],"curies":[{"name":"wp","href":"https:\/\/api.w.org\/{rel}","templated":true}]}}