{"id":17087,"date":"2023-09-20T16:39:24","date_gmt":"2023-09-20T22:39:24","guid":{"rendered":"https:\/\/gobernacionaltaverapaz.gob.gt\/?p=17087"},"modified":"2023-09-21T09:49:02","modified_gmt":"2023-09-21T15:49:02","slug":"mesa-tecnica-sobre-los-avances-de-la-problematica-de-la-inestabilidad-de-la-energia-electrica","status":"publish","type":"post","link":"https:\/\/gobernacionaltaverapaz.gob.gt\/?p=17087","title":{"rendered":"Mesa T\u00e9cnica sobre los avances de la Problem\u00e1tica de la Inestabilidad de la Energ\u00eda El\u00e9ctrica"},"content":{"rendered":"<p style=\"text-align: justify;\"><a href=\"https:\/\/www.facebook.com\/hashtag\/altaverapaz?__eep__=6&amp;__cft__[0]=AZVO5MKNf4IRdFgiHtdlEfyp8rlhOLKROGCOfd4f0xBfz_X2z-bXw61hM8z-Whc1T_3mo2rGIb3qtOEUDlztn15t-rwzeIz9CPwEQFPPZMBuhOPx2-_Jl-ZE8nZkdUrUFJ1CguiJtzikL5HhOfA1RXyBnVYI6mZXeIY6t_FK2yTbuuMnTIHDsD2MpUg76FQa2Lu-h8q6GjNI-CbteCN162gU&amp;__tn__=*NK-R\" target=\"_blank\" rel=\"noopener\">#AltaVerapaz<\/a><\/p>\n<p style=\"text-align: justify;\">El d\u00eda de hoy se llev\u00f3 a cabo la Mesa T\u00e9cnica sobre los avances de la Problem\u00e1tica de la Inestabilidad de la Energ\u00eda El\u00e9ctrica. Contando con la presencia de la Se\u00f1ora Gobernadora Departamental de A.V. Alcaldes de <a href=\"https:\/\/www.facebook.com\/MiMuniCoban?__cft__[0]=AZW2dNR0oq08eqzh7ernKSvSRNTrSbX6kCrTwrv4UjByHWO6BN2BdPo6PJC3wto30dfD55aUbCw5mdkv4VtQ9CxjBKsANaqwVGLk03NDFYWTokfc2sdspML8z2CWccDYR-djMtGH-Dh8HFKdbWOWIDToiewi6bYyfvyeNcEiJYBSLodazM6jX6ajo3GxRFucEt3BTZteJVTCZoqjprNwN1Av&amp;__tn__=-]K-R\" target=\"_blank\" rel=\"noopener\">Municipalidad de Cob\u00e1n<\/a>, <a href=\"https:\/\/www.facebook.com\/people\/Municipalidad-de-Chahal-Oficial\/100085389811870\/?__cft__[0]=AZW2dNR0oq08eqzh7ernKSvSRNTrSbX6kCrTwrv4UjByHWO6BN2BdPo6PJC3wto30dfD55aUbCw5mdkv4VtQ9CxjBKsANaqwVGLk03NDFYWTokfc2sdspML8z2CWccDYR-djMtGH-Dh8HFKdbWOWIDToiewi6bYyfvyeNcEiJYBSLodazM6jX6ajo3GxRFucEt3BTZteJVTCZoqjprNwN1Av&amp;__tn__=-]K-R\" target=\"_blank\" rel=\"noopener\">Municipalidad de Chahal Oficial<\/a>, <a href=\"https:\/\/www.facebook.com\/TuMuniRax?__cft__[0]=AZW2dNR0oq08eqzh7ernKSvSRNTrSbX6kCrTwrv4UjByHWO6BN2BdPo6PJC3wto30dfD55aUbCw5mdkv4VtQ9CxjBKsANaqwVGLk03NDFYWTokfc2sdspML8z2CWccDYR-djMtGH-Dh8HFKdbWOWIDToiewi6bYyfvyeNcEiJYBSLodazM6jX6ajo3GxRFucEt3BTZteJVTCZoqjprNwN1Av&amp;__tn__=-]K-R\" target=\"_blank\" rel=\"noopener\">Muni Raxruh\u00e1<\/a>, <a href=\"https:\/\/www.facebook.com\/MuniChamelco?__cft__[0]=AZW2dNR0oq08eqzh7ernKSvSRNTrSbX6kCrTwrv4UjByHWO6BN2BdPo6PJC3wto30dfD55aUbCw5mdkv4VtQ9CxjBKsANaqwVGLk03NDFYWTokfc2sdspML8z2CWccDYR-djMtGH-Dh8HFKdbWOWIDToiewi6bYyfvyeNcEiJYBSLodazM6jX6ajo3GxRFucEt3BTZteJVTCZoqjprNwN1Av&amp;__tn__=-]K-R\" target=\"_blank\" rel=\"noopener\">Municipalidad de San Juan Chamelco A.V.<\/a> Representantes de las diferentes Instituciones #SEGEPLAN, <a href=\"https:\/\/www.facebook.com\/mingobguate?__cft__[0]=AZW2dNR0oq08eqzh7ernKSvSRNTrSbX6kCrTwrv4UjByHWO6BN2BdPo6PJC3wto30dfD55aUbCw5mdkv4VtQ9CxjBKsANaqwVGLk03NDFYWTokfc2sdspML8z2CWccDYR-djMtGH-Dh8HFKdbWOWIDToiewi6bYyfvyeNcEiJYBSLodazM6jX6ajo3GxRFucEt3BTZteJVTCZoqjprNwN1Av&amp;__tn__=-]K-R\" target=\"_blank\" rel=\"noopener\">Ministerio de Gobernaci\u00f3n Guatemala<\/a>, <a href=\"https:\/\/www.facebook.com\/PDHGuatemala?__cft__[0]=AZW2dNR0oq08eqzh7ernKSvSRNTrSbX6kCrTwrv4UjByHWO6BN2BdPo6PJC3wto30dfD55aUbCw5mdkv4VtQ9CxjBKsANaqwVGLk03NDFYWTokfc2sdspML8z2CWccDYR-djMtGH-Dh8HFKdbWOWIDToiewi6bYyfvyeNcEiJYBSLodazM6jX6ajo3GxRFucEt3BTZteJVTCZoqjprNwN1Av&amp;__tn__=-]K-R\" target=\"_blank\" rel=\"noopener\">Procurador de los Derechos Humanos<\/a>, #COPADEH, #INDE, <a href=\"https:\/\/www.facebook.com\/ENERGUATE?__cft__[0]=AZW2dNR0oq08eqzh7ernKSvSRNTrSbX6kCrTwrv4UjByHWO6BN2BdPo6PJC3wto30dfD55aUbCw5mdkv4VtQ9CxjBKsANaqwVGLk03NDFYWTokfc2sdspML8z2CWccDYR-djMtGH-Dh8HFKdbWOWIDToiewi6bYyfvyeNcEiJYBSLodazM6jX6ajo3GxRFucEt3BTZteJVTCZoqjprNwN1Av&amp;__tn__=-]K-R\" target=\"_blank\" rel=\"noopener\">ENERGUATE<\/a>, #FERSA, Ministerio de Agricultura, Ganader\u00eda y Alimentaci\u00f3n &#8211; MAGA, #PUEBLO Q&#8217;EQCHI&#8217;.<\/p>\n<p style=\"text-align: justify;\"><a href=\"https:\/\/www.facebook.com\/hashtag\/elgobdelosguatemaltecos?__eep__=6&amp;__cft__[0]=AZVO5MKNf4IRdFgiHtdlEfyp8rlhOLKROGCOfd4f0xBfz_X2z-bXw61hM8z-Whc1T_3mo2rGIb3qtOEUDlztn15t-rwzeIz9CPwEQFPPZMBuhOPx2-_Jl-ZE8nZkdUrUFJ1CguiJtzikL5HhOfA1RXyBnVYI6mZXeIY6t_FK2yTbuuMnTIHDsD2MpUg76FQa2Lu-h8q6GjNI-CbteCN162gU&amp;__tn__=*NK-R\" target=\"_blank\" rel=\"noopener\">#ElGobDeLosGuatemaltecos<\/a><br \/>\n<a href=\"https:\/\/www.facebook.com\/hashtag\/accionesquetransforman?__eep__=6&amp;__cft__[0]=AZVO5MKNf4IRdFgiHtdlEfyp8rlhOLKROGCOfd4f0xBfz_X2z-bXw61hM8z-Whc1T_3mo2rGIb3qtOEUDlztn15t-rwzeIz9CPwEQFPPZMBuhOPx2-_Jl-ZE8nZkdUrUFJ1CguiJtzikL5HhOfA1RXyBnVYI6mZXeIY6t_FK2yTbuuMnTIHDsD2MpUg76FQa2Lu-h8q6GjNI-CbteCN162gU&amp;__tn__=*NK-R\" target=\"_blank\" rel=\"noopener\">#AccionesQueTransforman<\/a><\/p>\n<div><\/div>\n","protected":false},"excerpt":{"rendered":"<p>#AltaVerapaz El d\u00eda de hoy se llev\u00f3 a cabo la Mesa T\u00e9cnica sobre los avances de la Problem\u00e1tica de la Inestabilidad de la Energ\u00eda El\u00e9ctrica. Contando con la presencia de la Se\u00f1ora Gobernadora Departamental de A.V. Alcaldes de Municipalidad de Cob\u00e1n, Municipalidad de Chahal Oficial, Muni Raxruh\u00e1, Municipalidad de San Juan Chamelco A.V. Representantes de [&hellip;]<\/p>\n","protected":false},"author":1,"featured_media":17092,"comment_status":"closed","ping_status":"open","sticky":false,"template":"","format":"gallery","meta":[],"categories":[201],"tags":[178],"_links":{"self":[{"href":"https:\/\/gobernacionaltaverapaz.gob.gt\/index.php?rest_route=\/wp\/v2\/posts\/17087"}],"collection":[{"href":"https:\/\/gobernacionaltaverapaz.gob.gt\/index.php?rest_route=\/wp\/v2\/posts"}],"about":[{"href":"https:\/\/gobernacionaltaverapaz.gob.gt\/index.php?rest_route=\/wp\/v2\/types\/post"}],"author":[{"embeddable":true,"href":"https:\/\/gobernacionaltaverapaz.gob.gt\/index.php?rest_route=\/wp\/v2\/users\/1"}],"replies":[{"embeddable":true,"href":"https:\/\/gobernacionaltaverapaz.gob.gt\/index.php?rest_route=%2Fwp%2Fv2%2Fcomments&post=17087"}],"version-history":[{"count":2,"href":"https:\/\/gobernacionaltaverapaz.gob.gt\/index.php?rest_route=\/wp\/v2\/posts\/17087\/revisions"}],"predecessor-version":[{"id":17098,"href":"https:\/\/gobernacionaltaverapaz.gob.gt\/index.php?rest_route=\/wp\/v2\/posts\/17087\/revisions\/17098"}],"wp:featuredmedia":[{"embeddable":true,"href":"https:\/\/gobernacionaltaverapaz.gob.gt\/index.php?rest_route=\/wp\/v2\/media\/17092"}],"wp:attachment":[{"href":"https:\/\/gobernacionaltaverapaz.gob.gt\/index.php?rest_route=%2Fwp%2Fv2%2Fmedia&parent=17087"}],"wp:term":[{"taxonomy":"category","embeddable":true,"href":"https:\/\/gobernacionaltaverapaz.gob.gt\/index.php?rest_route=%2Fwp%2Fv2%2Fcategories&post=17087"},{"taxonomy":"post_tag","embeddable":true,"href":"https:\/\/gobernacionaltaverapaz.gob.gt\/index.php?rest_route=%2Fwp%2Fv2%2Ftags&post=17087"}],"curies":[{"name":"wp","href":"https:\/\/api.w.org\/{rel}","templated":true}]}}