{"id":17101,"date":"2023-09-22T10:54:25","date_gmt":"2023-09-22T16:54:25","guid":{"rendered":"https:\/\/gobernacionaltaverapaz.gob.gt\/?p=17101"},"modified":"2023-09-25T09:42:36","modified_gmt":"2023-09-25T15:42:36","slug":"verificacion-de-trabajos-de-mantenimiento-y-reparacion-del-tramo-barrio-el-centro-a-la-comunidad-sepur-limite-con-el-estor-izabal","status":"publish","type":"post","link":"https:\/\/gobernacionaltaverapaz.gob.gt\/?p=17101","title":{"rendered":"Verificaci\u00f3n de los trabajos de mantenimiento y reparaci\u00f3n del tramo Barrio El Centro a la comunidad Sepur, L\u00edmite  con el Estor Izabal"},"content":{"rendered":"<p style=\"text-align: justify;\"><a href=\"https:\/\/www.facebook.com\/hashtag\/altaverapaz?__eep__=6&amp;__cft__[0]=AZWFlZACY9d91M1vSi2PbzYOzdzpi4UI-_LUzUXx8DsxtFvZwUV_vgxN7vhxExDMW2TtGG4pxcJMA2bE9jBtLmLyZoE8Q_zzdVqqujYMeSG6bJaEti9dmgUmxATWqsCr6Jge0nXKlHHLUvMUEzzTgToVuVieOta2RocLtox5FNOHYV9KC9ar9I4TuUmLTmXOzbOWmSZN8sjnPpY7eUgIVeQP&amp;__tn__=*NK-R\" target=\"_blank\" rel=\"noopener\">#AltaVerapaz<\/a><\/p>\n<p style=\"text-align: justify;\">La Se\u00f1ora Gobernadora Departamental de Alta Verapaz Licda. Angela Alvarado, juntamente con la <a href=\"https:\/\/www.facebook.com\/people\/Municipalidad-de-Panzos-2020-2024\/100027942715316\/?__cft__[0]=AZWFlZACY9d91M1vSi2PbzYOzdzpi4UI-_LUzUXx8DsxtFvZwUV_vgxN7vhxExDMW2TtGG4pxcJMA2bE9jBtLmLyZoE8Q_zzdVqqujYMeSG6bJaEti9dmgUmxATWqsCr6Jge0nXKlHHLUvMUEzzTgToVuVieOta2RocLtox5FNOHYV9KC9ar9I4TuUmLTmXOzbOWmSZN8sjnPpY7eUgIVeQP&amp;__tn__=-]K-R\" target=\"_blank\" rel=\"noopener\">Municipalidad de Panz\u00f3s 2020-2024<\/a>, <a href=\"https:\/\/www.facebook.com\/PoloSalazarAV?__cft__[0]=AZWFlZACY9d91M1vSi2PbzYOzdzpi4UI-_LUzUXx8DsxtFvZwUV_vgxN7vhxExDMW2TtGG4pxcJMA2bE9jBtLmLyZoE8Q_zzdVqqujYMeSG6bJaEti9dmgUmxATWqsCr6Jge0nXKlHHLUvMUEzzTgToVuVieOta2RocLtox5FNOHYV9KC9ar9I4TuUmLTmXOzbOWmSZN8sjnPpY7eUgIVeQP&amp;__tn__=-]K-R\" target=\"_blank\" rel=\"noopener\">Diputado Polo Salazar<\/a>,\u00a0 <a href=\"https:\/\/www.facebook.com\/naturaceites?__cft__[0]=AZWFlZACY9d91M1vSi2PbzYOzdzpi4UI-_LUzUXx8DsxtFvZwUV_vgxN7vhxExDMW2TtGG4pxcJMA2bE9jBtLmLyZoE8Q_zzdVqqujYMeSG6bJaEti9dmgUmxATWqsCr6Jge0nXKlHHLUvMUEzzTgToVuVieOta2RocLtox5FNOHYV9KC9ar9I4TuUmLTmXOzbOWmSZN8sjnPpY7eUgIVeQP&amp;__tn__=-]K-R\" target=\"_blank\" rel=\"noopener\">NaturAceites<\/a>, <a href=\"https:\/\/www.facebook.com\/hashtag\/cuerpo?__eep__=6&amp;__cft__[0]=AZWFlZACY9d91M1vSi2PbzYOzdzpi4UI-_LUzUXx8DsxtFvZwUV_vgxN7vhxExDMW2TtGG4pxcJMA2bE9jBtLmLyZoE8Q_zzdVqqujYMeSG6bJaEti9dmgUmxATWqsCr6Jge0nXKlHHLUvMUEzzTgToVuVieOta2RocLtox5FNOHYV9KC9ar9I4TuUmLTmXOzbOWmSZN8sjnPpY7eUgIVeQP&amp;__tn__=*NK-R\" target=\"_blank\" rel=\"noopener\">#Cuerpo<\/a> de Ingenieros del Ej\u00e9rcito y L\u00edderes comunitarios. Llevaron a cabo una visita para la verificaci\u00f3n de los trabajos de mantenimiento y reparaci\u00f3n del tramo de 16km desde Barrio El Centro a la comunidad Sepur, L\u00edmite\u00a0 con el Estor Izabal. Con la finalidad de beneficiar a m\u00e1s de 18 comunidades del municipio de Panz\u00f3s, A.V.<\/p>\n<p><a href=\"https:\/\/www.facebook.com\/hashtag\/elgobdelosguatemaltecos?__eep__=6&amp;__cft__[0]=AZWFlZACY9d91M1vSi2PbzYOzdzpi4UI-_LUzUXx8DsxtFvZwUV_vgxN7vhxExDMW2TtGG4pxcJMA2bE9jBtLmLyZoE8Q_zzdVqqujYMeSG6bJaEti9dmgUmxATWqsCr6Jge0nXKlHHLUvMUEzzTgToVuVieOta2RocLtox5FNOHYV9KC9ar9I4TuUmLTmXOzbOWmSZN8sjnPpY7eUgIVeQP&amp;__tn__=*NK-R\" target=\"_blank\" rel=\"noopener\">#ElGobDeLosGuatemaltecos<\/a><br \/>\n<a href=\"https:\/\/www.facebook.com\/hashtag\/accionesquetransforman?__eep__=6&amp;__cft__[0]=AZWFlZACY9d91M1vSi2PbzYOzdzpi4UI-_LUzUXx8DsxtFvZwUV_vgxN7vhxExDMW2TtGG4pxcJMA2bE9jBtLmLyZoE8Q_zzdVqqujYMeSG6bJaEti9dmgUmxATWqsCr6Jge0nXKlHHLUvMUEzzTgToVuVieOta2RocLtox5FNOHYV9KC9ar9I4TuUmLTmXOzbOWmSZN8sjnPpY7eUgIVeQP&amp;__tn__=*NK-R\" target=\"_blank\" rel=\"noopener\">#AccionesQueTransforman<\/a><\/p>\n<div><\/div>\n","protected":false},"excerpt":{"rendered":"<p>Con la finalidad de beneficiar a m\u00e1s de 18 comunidades del municipio de Panz\u00f3s, A.V.<\/p>\n","protected":false},"author":1,"featured_media":17115,"comment_status":"closed","ping_status":"open","sticky":false,"template":"","format":"gallery","meta":[],"categories":[4],"tags":[178],"_links":{"self":[{"href":"https:\/\/gobernacionaltaverapaz.gob.gt\/index.php?rest_route=\/wp\/v2\/posts\/17101"}],"collection":[{"href":"https:\/\/gobernacionaltaverapaz.gob.gt\/index.php?rest_route=\/wp\/v2\/posts"}],"about":[{"href":"https:\/\/gobernacionaltaverapaz.gob.gt\/index.php?rest_route=\/wp\/v2\/types\/post"}],"author":[{"embeddable":true,"href":"https:\/\/gobernacionaltaverapaz.gob.gt\/index.php?rest_route=\/wp\/v2\/users\/1"}],"replies":[{"embeddable":true,"href":"https:\/\/gobernacionaltaverapaz.gob.gt\/index.php?rest_route=%2Fwp%2Fv2%2Fcomments&post=17101"}],"version-history":[{"count":5,"href":"https:\/\/gobernacionaltaverapaz.gob.gt\/index.php?rest_route=\/wp\/v2\/posts\/17101\/revisions"}],"predecessor-version":[{"id":17118,"href":"https:\/\/gobernacionaltaverapaz.gob.gt\/index.php?rest_route=\/wp\/v2\/posts\/17101\/revisions\/17118"}],"wp:featuredmedia":[{"embeddable":true,"href":"https:\/\/gobernacionaltaverapaz.gob.gt\/index.php?rest_route=\/wp\/v2\/media\/17115"}],"wp:attachment":[{"href":"https:\/\/gobernacionaltaverapaz.gob.gt\/index.php?rest_route=%2Fwp%2Fv2%2Fmedia&parent=17101"}],"wp:term":[{"taxonomy":"category","embeddable":true,"href":"https:\/\/gobernacionaltaverapaz.gob.gt\/index.php?rest_route=%2Fwp%2Fv2%2Fcategories&post=17101"},{"taxonomy":"post_tag","embeddable":true,"href":"https:\/\/gobernacionaltaverapaz.gob.gt\/index.php?rest_route=%2Fwp%2Fv2%2Ftags&post=17101"}],"curies":[{"name":"wp","href":"https:\/\/api.w.org\/{rel}","templated":true}]}}