{"id":17120,"date":"2023-09-26T12:06:42","date_gmt":"2023-09-26T18:06:42","guid":{"rendered":"https:\/\/gobernacionaltaverapaz.gob.gt\/?p=17120"},"modified":"2023-09-26T14:51:22","modified_gmt":"2023-09-26T20:51:22","slug":"feria-yo-cuido-mi-futuro","status":"publish","type":"post","link":"https:\/\/gobernacionaltaverapaz.gob.gt\/?p=17120","title":{"rendered":"Feria \u201cYO CUIDO MI FUTURO\u201d"},"content":{"rendered":"<p><a href=\"https:\/\/www.facebook.com\/hashtag\/altaverapaz?__eep__=6&amp;__cft__[0]=AZUnb_l8t_s4FzZnF4HZwTTUYT4mnwNxP-iTqx219WXovzRPJ4uYUziEuYKUZNH8aOPIKAGc3afbCewWKDDv7tnkedhoNySVUa0nKy0j3lv8nf4jMBkUOQipTDquhqu0AD7wIm_clQuQFCwMBOMv2AYyyqfvya_I9RQhJGeha6cRjtYkPmkRJDuGfVu8As2XUJE&amp;__tn__=*NK-R\" target=\"_blank\" rel=\"noopener\">#AltaVerapaz<\/a><\/p>\n<p style=\"text-align: justify;\">El d\u00eda de hoy se llev\u00f3 a cabo en el Parque Navidad, La Feria \u201cYO CUIDO MI FUTURO\u201d en conmemoraci\u00f3n del D\u00eda Mundial de la Prevenci\u00f3n del Embarazo en Ni\u00f1as y Adolescentes. En la cual se tuvo la presencia de la Se\u00f1ora Gobernadora Departamental de Alta Verapaz Licda. Angela Alvarado, Jefes de las diferentes instituciones, <a href=\"https:\/\/www.facebook.com\/hashtag\/upcv?__eep__=6&amp;__cft__[0]=AZUnb_l8t_s4FzZnF4HZwTTUYT4mnwNxP-iTqx219WXovzRPJ4uYUziEuYKUZNH8aOPIKAGc3afbCewWKDDv7tnkedhoNySVUa0nKy0j3lv8nf4jMBkUOQipTDquhqu0AD7wIm_clQuQFCwMBOMv2AYyyqfvya_I9RQhJGeha6cRjtYkPmkRJDuGfVu8As2XUJE&amp;__tn__=*NK-R\" target=\"_blank\" rel=\"noopener\">#UPCV<\/a>, <a href=\"https:\/\/www.facebook.com\/hashtag\/svet?__eep__=6&amp;__cft__[0]=AZUnb_l8t_s4FzZnF4HZwTTUYT4mnwNxP-iTqx219WXovzRPJ4uYUziEuYKUZNH8aOPIKAGc3afbCewWKDDv7tnkedhoNySVUa0nKy0j3lv8nf4jMBkUOQipTDquhqu0AD7wIm_clQuQFCwMBOMv2AYyyqfvya_I9RQhJGeha6cRjtYkPmkRJDuGfVu8As2XUJE&amp;__tn__=*NK-R\" target=\"_blank\" rel=\"noopener\">#SVET<\/a>, <a href=\"https:\/\/www.facebook.com\/hashtag\/cruz?__eep__=6&amp;__cft__[0]=AZUnb_l8t_s4FzZnF4HZwTTUYT4mnwNxP-iTqx219WXovzRPJ4uYUziEuYKUZNH8aOPIKAGc3afbCewWKDDv7tnkedhoNySVUa0nKy0j3lv8nf4jMBkUOQipTDquhqu0AD7wIm_clQuQFCwMBOMv2AYyyqfvya_I9RQhJGeha6cRjtYkPmkRJDuGfVu8As2XUJE&amp;__tn__=*NK-R\" target=\"_blank\" rel=\"noopener\">#CRUZ ROJA<\/a>, <a href=\"https:\/\/www.facebook.com\/profile.php?id=100069220629548&amp;__cft__[0]=AZUnb_l8t_s4FzZnF4HZwTTUYT4mnwNxP-iTqx219WXovzRPJ4uYUziEuYKUZNH8aOPIKAGc3afbCewWKDDv7tnkedhoNySVUa0nKy0j3lv8nf4jMBkUOQipTDquhqu0AD7wIm_clQuQFCwMBOMv2AYyyqfvya_I9RQhJGeha6cRjtYkPmkRJDuGfVu8As2XUJE&amp;__tn__=-]K-R\" target=\"_blank\" rel=\"noopener\">PNC comisaria 51<\/a>, <a href=\"https:\/\/www.facebook.com\/hashtag\/deic?__eep__=6&amp;__cft__[0]=AZUnb_l8t_s4FzZnF4HZwTTUYT4mnwNxP-iTqx219WXovzRPJ4uYUziEuYKUZNH8aOPIKAGc3afbCewWKDDv7tnkedhoNySVUa0nKy0j3lv8nf4jMBkUOQipTDquhqu0AD7wIm_clQuQFCwMBOMv2AYyyqfvya_I9RQhJGeha6cRjtYkPmkRJDuGfVu8As2XUJE&amp;__tn__=*NK-R\" target=\"_blank\" rel=\"noopener\">#DEIC<\/a>, <a href=\"https:\/\/www.facebook.com\/profile.php?id=100066287994370&amp;__cft__[0]=AZUnb_l8t_s4FzZnF4HZwTTUYT4mnwNxP-iTqx219WXovzRPJ4uYUziEuYKUZNH8aOPIKAGc3afbCewWKDDv7tnkedhoNySVUa0nKy0j3lv8nf4jMBkUOQipTDquhqu0AD7wIm_clQuQFCwMBOMv2AYyyqfvya_I9RQhJGeha6cRjtYkPmkRJDuGfVu8As2XUJE&amp;__tn__=-]K-R\" target=\"_blank\" rel=\"noopener\">Conjuve Alta Verapaz<\/a>, <a href=\"https:\/\/www.facebook.com\/hashtag\/escuelas?__eep__=6&amp;__cft__[0]=AZUnb_l8t_s4FzZnF4HZwTTUYT4mnwNxP-iTqx219WXovzRPJ4uYUziEuYKUZNH8aOPIKAGc3afbCewWKDDv7tnkedhoNySVUa0nKy0j3lv8nf4jMBkUOQipTDquhqu0AD7wIm_clQuQFCwMBOMv2AYyyqfvya_I9RQhJGeha6cRjtYkPmkRJDuGfVu8As2XUJE&amp;__tn__=*NK-R\" target=\"_blank\" rel=\"noopener\">#ESCUELAS SEGURAS<\/a>, <a href=\"https:\/\/www.facebook.com\/somossbs?__cft__[0]=AZUnb_l8t_s4FzZnF4HZwTTUYT4mnwNxP-iTqx219WXovzRPJ4uYUziEuYKUZNH8aOPIKAGc3afbCewWKDDv7tnkedhoNySVUa0nKy0j3lv8nf4jMBkUOQipTDquhqu0AD7wIm_clQuQFCwMBOMv2AYyyqfvya_I9RQhJGeha6cRjtYkPmkRJDuGfVu8As2XUJE&amp;__tn__=-]K-R\" target=\"_blank\" rel=\"noopener\">Secretar\u00eda de Bienestar Social de la Presidencia<\/a>,\u00a0 y j\u00f3venes de los diferentes establecimientos, <a href=\"https:\/\/www.facebook.com\/profile.php?id=100068776921444&amp;__cft__[0]=AZUnb_l8t_s4FzZnF4HZwTTUYT4mnwNxP-iTqx219WXovzRPJ4uYUziEuYKUZNH8aOPIKAGc3afbCewWKDDv7tnkedhoNySVUa0nKy0j3lv8nf4jMBkUOQipTDquhqu0AD7wIm_clQuQFCwMBOMv2AYyyqfvya_I9RQhJGeha6cRjtYkPmkRJDuGfVu8As2XUJE&amp;__tn__=-]K-R\" target=\"_blank\" rel=\"noopener\">INEB Central COBAN\u00a0 Escuela Nacional de Ciencias Comerciales, Jornada Matutina, Escuela &#8220;Sarbelio Moran Chinchilla<\/a>&#8220;, que tuvieron a bien participar en las diferentes actividades programadas.<\/p>\n<div><\/div>\n","protected":false},"excerpt":{"rendered":"<p>#AltaVerapaz El d\u00eda de hoy se llev\u00f3 a cabo en el Parque Navidad, La Feria \u201cYO CUIDO MI FUTURO\u201d en conmemoraci\u00f3n del D\u00eda Mundial de la Prevenci\u00f3n del Embarazo en Ni\u00f1as y Adolescentes. En la cual se tuvo la presencia de la Se\u00f1ora Gobernadora Departamental de Alta Verapaz Licda. Angela Alvarado, Jefes de las diferentes [&hellip;]<\/p>\n","protected":false},"author":1,"featured_media":17130,"comment_status":"closed","ping_status":"open","sticky":false,"template":"","format":"gallery","meta":[],"categories":[183,2],"tags":[178],"_links":{"self":[{"href":"https:\/\/gobernacionaltaverapaz.gob.gt\/index.php?rest_route=\/wp\/v2\/posts\/17120"}],"collection":[{"href":"https:\/\/gobernacionaltaverapaz.gob.gt\/index.php?rest_route=\/wp\/v2\/posts"}],"about":[{"href":"https:\/\/gobernacionaltaverapaz.gob.gt\/index.php?rest_route=\/wp\/v2\/types\/post"}],"author":[{"embeddable":true,"href":"https:\/\/gobernacionaltaverapaz.gob.gt\/index.php?rest_route=\/wp\/v2\/users\/1"}],"replies":[{"embeddable":true,"href":"https:\/\/gobernacionaltaverapaz.gob.gt\/index.php?rest_route=%2Fwp%2Fv2%2Fcomments&post=17120"}],"version-history":[{"count":2,"href":"https:\/\/gobernacionaltaverapaz.gob.gt\/index.php?rest_route=\/wp\/v2\/posts\/17120\/revisions"}],"predecessor-version":[{"id":17143,"href":"https:\/\/gobernacionaltaverapaz.gob.gt\/index.php?rest_route=\/wp\/v2\/posts\/17120\/revisions\/17143"}],"wp:featuredmedia":[{"embeddable":true,"href":"https:\/\/gobernacionaltaverapaz.gob.gt\/index.php?rest_route=\/wp\/v2\/media\/17130"}],"wp:attachment":[{"href":"https:\/\/gobernacionaltaverapaz.gob.gt\/index.php?rest_route=%2Fwp%2Fv2%2Fmedia&parent=17120"}],"wp:term":[{"taxonomy":"category","embeddable":true,"href":"https:\/\/gobernacionaltaverapaz.gob.gt\/index.php?rest_route=%2Fwp%2Fv2%2Fcategories&post=17120"},{"taxonomy":"post_tag","embeddable":true,"href":"https:\/\/gobernacionaltaverapaz.gob.gt\/index.php?rest_route=%2Fwp%2Fv2%2Ftags&post=17120"}],"curies":[{"name":"wp","href":"https:\/\/api.w.org\/{rel}","templated":true}]}}