{"id":17144,"date":"2023-09-26T17:29:05","date_gmt":"2023-09-26T23:29:05","guid":{"rendered":"https:\/\/gobernacionaltaverapaz.gob.gt\/?p=17144"},"modified":"2023-09-27T09:46:52","modified_gmt":"2023-09-27T15:46:52","slug":"feria-de-campana-yo-cuido-mi-futuro-en-conmemoracion-del-dia-mundial-de-la-prevencion-del-embarazo-en-ninas-y-adolescentes","status":"publish","type":"post","link":"https:\/\/gobernacionaltaverapaz.gob.gt\/?p=17144","title":{"rendered":"Conmemoraci\u00f3n al D\u00eda Mundial de la Prevenci\u00f3n del Embarazo en Ni\u00f1as y Adolescentes con  estudiantes de INEB V\u00edctor Chavarr\u00eda"},"content":{"rendered":"<p style=\"text-align: justify;\"><a href=\"https:\/\/www.facebook.com\/hashtag\/altaverapaz?__eep__=6&amp;__cft__[0]=AZWMe6roEWeVAuWutoWzrlA1Dz7SciX1GDkDcIo_92G3FA0cREGz9vpbgJwwWG7pz_nbDl-LKNxFIQ1yoYMbddxeJmA2Lwc2HUU7vqHv9ZAV2P_m0HFTL-05LkLTL10SFDC9R3I7xr6FE9x9uaEn_912_u0KsqqnKYi6UTsamD4AQ0ywoZa2iayOYSa6cR3l6dM&amp;__tn__=*NK-R\" target=\"_blank\" rel=\"noopener\">#AltaVerapaz<\/a><\/p>\n<p style=\"text-align: justify;\">Se lleva a cabo la Feria de Campa\u00f1a \u201cYO CUIDO MI FUTURO\u201d en conmemoraci\u00f3n del D\u00eda Mundial de la Prevenci\u00f3n del Embarazo en Ni\u00f1as y Adolescentes. Realizado con j\u00f3venes estudiantes del <strong>Instituto<\/strong> <strong>INEB<\/strong> <strong>V\u00edctor Chavarr\u00eda<\/strong>, contando con la presencia de la Se\u00f1ora Gobernadora Departamental de Alta Verapaz. Licda. Angela Alvarado, para el fortalecimiento de prevenir embarazos a temprana edad y as\u00ed mejorar el \u00edndice de un futuro prometedor.<\/p>\n<p style=\"text-align: justify;\"><a class=\"x1i10hfl xjbqb8w x6umtig x1b1mbwd xaqea5y xav7gou x9f619 x1ypdohk xt0psk2 xe8uvvx xdj266r x11i5rnm xat24cr x1mh8g0r xexx8yu x4uap5 x18d9i69 xkhd6sd x16tdsg8 x1hl2dhg xggy1nq x1a2a7pz xt0b8zv x1qq9wsj xo1l8bm\" tabindex=\"0\" role=\"link\" href=\"https:\/\/www.facebook.com\/hashtag\/accionesquetransforman?__eep__=6&amp;__cft__[0]=AZXBQbImSmcMEJGEqYIjTd_pilWgKokl7Uqkrw_-rbFeBPhIvB6K23VvMAfjrjOK-snC_HVy1ESA6SRE17WC9fK4pmgTOKTLQdMeNsUkmhtKfsPIBApZLIWHWt9sppP-0gRcSwVq-Ci0XQ8lGA0QRijkAkhIHABmF38g6kkIBcdI5mJYBIqWYNMcNmlJHoizqd8&amp;__tn__=*NK-R\" target=\"_blank\" rel=\"noopener\">#AccionesQueTransforman<\/a><\/p>\n<div><\/div>\n","protected":false},"excerpt":{"rendered":"<p>#AltaVerapaz Se lleva a cabo la Feria de Campa\u00f1a \u201cYO CUIDO MI FUTURO\u201d en conmemoraci\u00f3n del D\u00eda Mundial de la Prevenci\u00f3n del Embarazo en Ni\u00f1as y Adolescentes. Realizado con j\u00f3venes estudiantes del Instituto INEB V\u00edctor Chavarr\u00eda, contando con la presencia de la Se\u00f1ora Gobernadora Departamental de Alta Verapaz. Licda. Angela Alvarado, para el fortalecimiento de [&hellip;]<\/p>\n","protected":false},"author":1,"featured_media":17150,"comment_status":"closed","ping_status":"open","sticky":false,"template":"","format":"gallery","meta":[],"categories":[183,2],"tags":[178],"_links":{"self":[{"href":"https:\/\/gobernacionaltaverapaz.gob.gt\/index.php?rest_route=\/wp\/v2\/posts\/17144"}],"collection":[{"href":"https:\/\/gobernacionaltaverapaz.gob.gt\/index.php?rest_route=\/wp\/v2\/posts"}],"about":[{"href":"https:\/\/gobernacionaltaverapaz.gob.gt\/index.php?rest_route=\/wp\/v2\/types\/post"}],"author":[{"embeddable":true,"href":"https:\/\/gobernacionaltaverapaz.gob.gt\/index.php?rest_route=\/wp\/v2\/users\/1"}],"replies":[{"embeddable":true,"href":"https:\/\/gobernacionaltaverapaz.gob.gt\/index.php?rest_route=%2Fwp%2Fv2%2Fcomments&post=17144"}],"version-history":[{"count":6,"href":"https:\/\/gobernacionaltaverapaz.gob.gt\/index.php?rest_route=\/wp\/v2\/posts\/17144\/revisions"}],"predecessor-version":[{"id":17159,"href":"https:\/\/gobernacionaltaverapaz.gob.gt\/index.php?rest_route=\/wp\/v2\/posts\/17144\/revisions\/17159"}],"wp:featuredmedia":[{"embeddable":true,"href":"https:\/\/gobernacionaltaverapaz.gob.gt\/index.php?rest_route=\/wp\/v2\/media\/17150"}],"wp:attachment":[{"href":"https:\/\/gobernacionaltaverapaz.gob.gt\/index.php?rest_route=%2Fwp%2Fv2%2Fmedia&parent=17144"}],"wp:term":[{"taxonomy":"category","embeddable":true,"href":"https:\/\/gobernacionaltaverapaz.gob.gt\/index.php?rest_route=%2Fwp%2Fv2%2Fcategories&post=17144"},{"taxonomy":"post_tag","embeddable":true,"href":"https:\/\/gobernacionaltaverapaz.gob.gt\/index.php?rest_route=%2Fwp%2Fv2%2Ftags&post=17144"}],"curies":[{"name":"wp","href":"https:\/\/api.w.org\/{rel}","templated":true}]}}