{"id":17160,"date":"2023-09-27T11:27:05","date_gmt":"2023-09-27T17:27:05","guid":{"rendered":"https:\/\/gobernacionaltaverapaz.gob.gt\/?p=17160"},"modified":"2023-09-27T12:24:39","modified_gmt":"2023-09-27T18:24:39","slug":"conferencia-de-prensa-para-dar-a-conocer-la-expo-becas-tour-2023","status":"publish","type":"post","link":"https:\/\/gobernacionaltaverapaz.gob.gt\/?p=17160","title":{"rendered":"Conferencia de Prensa para dar a conocer la Expo Becas Tour 2023"},"content":{"rendered":"<p><a href=\"https:\/\/www.facebook.com\/hashtag\/altaverapaz?__eep__=6&amp;__cft__[0]=AZVDDqNuhEmCSnDBaV5rKHvfoVSBoxnlowdXqz3jQDLZsfkO98DWvIWJjsilqZAMYlR3GrTKxw4uu5-E2mgv1jq1qe28c6DkX3hKWJi1lzMXoH8aTZv2gNoL0ATRpgJhkOMkJ58PaRzH_eYZAeic1adtij6kzA-aKQFc2iV9Vu80wSegkaKduxY9USYxIdeYtKI&amp;__tn__=*NK-R\" target=\"_blank\" rel=\"noopener\">#AltaVerapaz<\/a><\/p>\n<p style=\"text-align: justify;\">La Se\u00f1ora Gobernadora Departamental de Alta Verapaz Licda. Angela Alvarado, particip\u00f3 en la Conferencia de Prensa organizada por <a href=\"https:\/\/www.facebook.com\/coopsamamicoope?__cft__[0]=AZVDDqNuhEmCSnDBaV5rKHvfoVSBoxnlowdXqz3jQDLZsfkO98DWvIWJjsilqZAMYlR3GrTKxw4uu5-E2mgv1jq1qe28c6DkX3hKWJi1lzMXoH8aTZv2gNoL0ATRpgJhkOMkJ58PaRzH_eYZAeic1adtij6kzA-aKQFc2iV9Vu80wSegkaKduxY9USYxIdeYtKI&amp;__tn__=-]K-R\" target=\"_blank\" rel=\"noopener\">COOPSAMA<\/a>\u00a0Y\u00a0<a href=\"https:\/\/www.facebook.com\/hashtag\/segeplan?__eep__=6&amp;__cft__[0]=AZVDDqNuhEmCSnDBaV5rKHvfoVSBoxnlowdXqz3jQDLZsfkO98DWvIWJjsilqZAMYlR3GrTKxw4uu5-E2mgv1jq1qe28c6DkX3hKWJi1lzMXoH8aTZv2gNoL0ATRpgJhkOMkJ58PaRzH_eYZAeic1adtij6kzA-aKQFc2iV9Vu80wSegkaKduxY9USYxIdeYtKI&amp;__tn__=*NK-R\" target=\"_blank\" rel=\"noopener\">#SEGEPLAN<\/a>, para dar a conocer la Expo Becas Tour 2023, que se llevar\u00e1 a cabo las fechas 5 y 6 de octubre del presente a\u00f1o a partir desde las 09:00hrs en las instalaciones del Convento Santo Domingo de Guzm\u00e1n. Se cont\u00f3 tambi\u00e9n con la presencia de representantes de: <a href=\"https:\/\/www.facebook.com\/MineducGuate?__cft__[0]=AZVDDqNuhEmCSnDBaV5rKHvfoVSBoxnlowdXqz3jQDLZsfkO98DWvIWJjsilqZAMYlR3GrTKxw4uu5-E2mgv1jq1qe28c6DkX3hKWJi1lzMXoH8aTZv2gNoL0ATRpgJhkOMkJ58PaRzH_eYZAeic1adtij6kzA-aKQFc2iV9Vu80wSegkaKduxY9USYxIdeYtKI&amp;__tn__=-]K-R\" target=\"_blank\" rel=\"noopener\">Ministerio de Educaci\u00f3n de Guatemala (P\u00e1gina Oficial)<\/a>, <a href=\"https:\/\/www.facebook.com\/paginacunor?__cft__[0]=AZVDDqNuhEmCSnDBaV5rKHvfoVSBoxnlowdXqz3jQDLZsfkO98DWvIWJjsilqZAMYlR3GrTKxw4uu5-E2mgv1jq1qe28c6DkX3hKWJi1lzMXoH8aTZv2gNoL0ATRpgJhkOMkJ58PaRzH_eYZAeic1adtij6kzA-aKQFc2iV9Vu80wSegkaKduxY9USYxIdeYtKI&amp;__tn__=-]K-R\" target=\"_blank\" rel=\"noopener\">Centro Universitario del Norte<\/a> y <a href=\"https:\/\/www.facebook.com\/drmercycorpsgt?__cft__[0]=AZVDDqNuhEmCSnDBaV5rKHvfoVSBoxnlowdXqz3jQDLZsfkO98DWvIWJjsilqZAMYlR3GrTKxw4uu5-E2mgv1jq1qe28c6DkX3hKWJi1lzMXoH8aTZv2gNoL0ATRpgJhkOMkJ58PaRzH_eYZAeic1adtij6kzA-aKQFc2iV9Vu80wSegkaKduxY9USYxIdeYtKI&amp;__tn__=-]K-R\" target=\"_blank\" rel=\"noopener\">Desarrollo Rural, Mercy Corps GT.<\/a><\/p>\n<p><a href=\"https:\/\/www.facebook.com\/hashtag\/elgobdelosguatemaltecos?__eep__=6&amp;__cft__[0]=AZVDDqNuhEmCSnDBaV5rKHvfoVSBoxnlowdXqz3jQDLZsfkO98DWvIWJjsilqZAMYlR3GrTKxw4uu5-E2mgv1jq1qe28c6DkX3hKWJi1lzMXoH8aTZv2gNoL0ATRpgJhkOMkJ58PaRzH_eYZAeic1adtij6kzA-aKQFc2iV9Vu80wSegkaKduxY9USYxIdeYtKI&amp;__tn__=*NK-R\" target=\"_blank\" rel=\"noopener\">#ElGobDeLosGuatemaltecos<\/a><\/p>\n<div><\/div>\n","protected":false},"excerpt":{"rendered":"<p>#AltaVerapaz La Se\u00f1ora Gobernadora Departamental de Alta Verapaz Licda. Angela Alvarado, particip\u00f3 en la Conferencia de Prensa organizada por COOPSAMA\u00a0Y\u00a0#SEGEPLAN, para dar a conocer la Expo Becas Tour 2023, que se llevar\u00e1 a cabo las fechas 5 y 6 de octubre del presente a\u00f1o a partir desde las 09:00hrs en las instalaciones del Convento Santo [&hellip;]<\/p>\n","protected":false},"author":1,"featured_media":17161,"comment_status":"closed","ping_status":"open","sticky":false,"template":"","format":"gallery","meta":[],"categories":[2],"tags":[178],"_links":{"self":[{"href":"https:\/\/gobernacionaltaverapaz.gob.gt\/index.php?rest_route=\/wp\/v2\/posts\/17160"}],"collection":[{"href":"https:\/\/gobernacionaltaverapaz.gob.gt\/index.php?rest_route=\/wp\/v2\/posts"}],"about":[{"href":"https:\/\/gobernacionaltaverapaz.gob.gt\/index.php?rest_route=\/wp\/v2\/types\/post"}],"author":[{"embeddable":true,"href":"https:\/\/gobernacionaltaverapaz.gob.gt\/index.php?rest_route=\/wp\/v2\/users\/1"}],"replies":[{"embeddable":true,"href":"https:\/\/gobernacionaltaverapaz.gob.gt\/index.php?rest_route=%2Fwp%2Fv2%2Fcomments&post=17160"}],"version-history":[{"count":2,"href":"https:\/\/gobernacionaltaverapaz.gob.gt\/index.php?rest_route=\/wp\/v2\/posts\/17160\/revisions"}],"predecessor-version":[{"id":17168,"href":"https:\/\/gobernacionaltaverapaz.gob.gt\/index.php?rest_route=\/wp\/v2\/posts\/17160\/revisions\/17168"}],"wp:featuredmedia":[{"embeddable":true,"href":"https:\/\/gobernacionaltaverapaz.gob.gt\/index.php?rest_route=\/wp\/v2\/media\/17161"}],"wp:attachment":[{"href":"https:\/\/gobernacionaltaverapaz.gob.gt\/index.php?rest_route=%2Fwp%2Fv2%2Fmedia&parent=17160"}],"wp:term":[{"taxonomy":"category","embeddable":true,"href":"https:\/\/gobernacionaltaverapaz.gob.gt\/index.php?rest_route=%2Fwp%2Fv2%2Fcategories&post=17160"},{"taxonomy":"post_tag","embeddable":true,"href":"https:\/\/gobernacionaltaverapaz.gob.gt\/index.php?rest_route=%2Fwp%2Fv2%2Ftags&post=17160"}],"curies":[{"name":"wp","href":"https:\/\/api.w.org\/{rel}","templated":true}]}}