{"id":17170,"date":"2023-09-28T10:54:41","date_gmt":"2023-09-28T16:54:41","guid":{"rendered":"https:\/\/gobernacionaltaverapaz.gob.gt\/?p=17170"},"modified":"2023-09-28T11:33:50","modified_gmt":"2023-09-28T17:33:50","slug":"proyecto-sistema-de-alerta-temprana-y-manejo-de-desastres-en-guatemala-con-cooperacion-entre-la-republica-de-china-taiwan-y-la-republica-de-guatemala","status":"publish","type":"post","link":"https:\/\/gobernacionaltaverapaz.gob.gt\/?p=17170","title":{"rendered":"Proyecto Sistema de Alerta Temprana y Manejo de Desastres en Guatemala con cooperaci\u00f3n entre la Rep\u00fablica de China Taiw\u00e1n y la Rep\u00fablica de Guatemala"},"content":{"rendered":"<p style=\"text-align: justify;\">La Se\u00f1ora Gobernadora Departamental de Alta Verapaz. Licda. Angela Alvarado Ten\u00ed, particip\u00f3 en la reuni\u00f3n de Coordinaci\u00f3n interinstitucional, para el Proyecto Sistema de Alerta Temprana y Manejo de Desastres en Guatemala con cooperaci\u00f3n entre la Rep\u00fablica de China Taiw\u00e1n y la Rep\u00fablica de Guatemala, teniendo la presencia de representantes de las instituciones, <a href=\"https:\/\/www.facebook.com\/MidesGuatemala?__cft__[0]=AZVWHHwRwVJUgxXxGvSUN4OYk4RgxnvWSKfuWxbTh9HZieWyzKMy9ryCEcV4IVzN9y6ZMSedvYrEUJNv2hSyYEpVVt7h2yqtwLjwpeDrgivga7-LSVC6N-d7xOt4HdwkwarR2U9_z86DWTFixOQGqeb-skag6iJp53bEb1z_dNP1jROlOhiDllQcnZJbO61mPlw&amp;__tn__=-]K-R\" target=\"_blank\" rel=\"noopener\">Mides Guatemala<\/a>, <a href=\"https:\/\/www.facebook.com\/MinisteriodeSaludPublicayAsistenciaSocial?__cft__[0]=AZVWHHwRwVJUgxXxGvSUN4OYk4RgxnvWSKfuWxbTh9HZieWyzKMy9ryCEcV4IVzN9y6ZMSedvYrEUJNv2hSyYEpVVt7h2yqtwLjwpeDrgivga7-LSVC6N-d7xOt4HdwkwarR2U9_z86DWTFixOQGqeb-skag6iJp53bEb1z_dNP1jROlOhiDllQcnZJbO61mPlw&amp;__tn__=-]K-R\" target=\"_blank\" rel=\"noopener\">Ministerio de Salud P\u00fablica y Asistencia Social<\/a>, <a href=\"https:\/\/www.facebook.com\/marngtambiente?__cft__[0]=AZVWHHwRwVJUgxXxGvSUN4OYk4RgxnvWSKfuWxbTh9HZieWyzKMy9ryCEcV4IVzN9y6ZMSedvYrEUJNv2hSyYEpVVt7h2yqtwLjwpeDrgivga7-LSVC6N-d7xOt4HdwkwarR2U9_z86DWTFixOQGqeb-skag6iJp53bEb1z_dNP1jROlOhiDllQcnZJbO61mPlw&amp;__tn__=-]K-R\" target=\"_blank\" rel=\"noopener\">MARN<\/a>, Representante de China Taiw\u00e1n, <a href=\"https:\/\/www.facebook.com\/conredgt?__cft__[0]=AZVWHHwRwVJUgxXxGvSUN4OYk4RgxnvWSKfuWxbTh9HZieWyzKMy9ryCEcV4IVzN9y6ZMSedvYrEUJNv2hSyYEpVVt7h2yqtwLjwpeDrgivga7-LSVC6N-d7xOt4HdwkwarR2U9_z86DWTFixOQGqeb-skag6iJp53bEb1z_dNP1jROlOhiDllQcnZJbO61mPlw&amp;__tn__=-]K-R\" target=\"_blank\" rel=\"noopener\">Conred<\/a>, <a href=\"https:\/\/www.facebook.com\/hashtag\/cruz?__eep__=6&amp;__cft__[0]=AZVWHHwRwVJUgxXxGvSUN4OYk4RgxnvWSKfuWxbTh9HZieWyzKMy9ryCEcV4IVzN9y6ZMSedvYrEUJNv2hSyYEpVVt7h2yqtwLjwpeDrgivga7-LSVC6N-d7xOt4HdwkwarR2U9_z86DWTFixOQGqeb-skag6iJp53bEb1z_dNP1jROlOhiDllQcnZJbO61mPlw&amp;__tn__=*NK-R\" target=\"_blank\" rel=\"noopener\">#Cruz roja<\/a>, <a href=\"https:\/\/www.facebook.com\/hashtag\/sexta?__eep__=6&amp;__cft__[0]=AZVWHHwRwVJUgxXxGvSUN4OYk4RgxnvWSKfuWxbTh9HZieWyzKMy9ryCEcV4IVzN9y6ZMSedvYrEUJNv2hSyYEpVVt7h2yqtwLjwpeDrgivga7-LSVC6N-d7xOt4HdwkwarR2U9_z86DWTFixOQGqeb-skag6iJp53bEb1z_dNP1jROlOhiDllQcnZJbO61mPlw&amp;__tn__=*NK-R\" target=\"_blank\" rel=\"noopener\">#Sexta brigada de Infanter\u00eda<\/a>, <a href=\"https:\/\/www.facebook.com\/insivumeh?__cft__[0]=AZVWHHwRwVJUgxXxGvSUN4OYk4RgxnvWSKfuWxbTh9HZieWyzKMy9ryCEcV4IVzN9y6ZMSedvYrEUJNv2hSyYEpVVt7h2yqtwLjwpeDrgivga7-LSVC6N-d7xOt4HdwkwarR2U9_z86DWTFixOQGqeb-skag6iJp53bEb1z_dNP1jROlOhiDllQcnZJbO61mPlw&amp;__tn__=-]K-R\" target=\"_blank\" rel=\"noopener\">INSIVUMEH<\/a>, <a href=\"https:\/\/www.facebook.com\/hashtag\/segeplan?__eep__=6&amp;__cft__[0]=AZVWHHwRwVJUgxXxGvSUN4OYk4RgxnvWSKfuWxbTh9HZieWyzKMy9ryCEcV4IVzN9y6ZMSedvYrEUJNv2hSyYEpVVt7h2yqtwLjwpeDrgivga7-LSVC6N-d7xOt4HdwkwarR2U9_z86DWTFixOQGqeb-skag6iJp53bEb1z_dNP1jROlOhiDllQcnZJbO61mPlw&amp;__tn__=*NK-R\" target=\"_blank\" rel=\"noopener\">#Segeplan<\/a>, <a href=\"https:\/\/www.facebook.com\/profile.php?id=100057468308534&amp;__cft__[0]=AZVWHHwRwVJUgxXxGvSUN4OYk4RgxnvWSKfuWxbTh9HZieWyzKMy9ryCEcV4IVzN9y6ZMSedvYrEUJNv2hSyYEpVVt7h2yqtwLjwpeDrgivga7-LSVC6N-d7xOt4HdwkwarR2U9_z86DWTFixOQGqeb-skag6iJp53bEb1z_dNP1jROlOhiDllQcnZJbO61mPlw&amp;__tn__=-]K-R\" target=\"_blank\" rel=\"noopener\">Bomberos Voluntarios 36a CIA COBAN, A.V.<\/a>, <a href=\"https:\/\/www.facebook.com\/hashtag\/micivi?__eep__=6&amp;__cft__[0]=AZVWHHwRwVJUgxXxGvSUN4OYk4RgxnvWSKfuWxbTh9HZieWyzKMy9ryCEcV4IVzN9y6ZMSedvYrEUJNv2hSyYEpVVt7h2yqtwLjwpeDrgivga7-LSVC6N-d7xOt4HdwkwarR2U9_z86DWTFixOQGqeb-skag6iJp53bEb1z_dNP1jROlOhiDllQcnZJbO61mPlw&amp;__tn__=*NK-R\" target=\"_blank\" rel=\"noopener\">#MICIVI<\/a> y <a href=\"https:\/\/www.facebook.com\/profile.php?id=100069220629548&amp;__cft__[0]=AZVWHHwRwVJUgxXxGvSUN4OYk4RgxnvWSKfuWxbTh9HZieWyzKMy9ryCEcV4IVzN9y6ZMSedvYrEUJNv2hSyYEpVVt7h2yqtwLjwpeDrgivga7-LSVC6N-d7xOt4HdwkwarR2U9_z86DWTFixOQGqeb-skag6iJp53bEb1z_dNP1jROlOhiDllQcnZJbO61mPlw&amp;__tn__=-]K-R\" target=\"_blank\" rel=\"noopener\">Pnc comisaria 51<\/a>.<\/p>\n<p style=\"text-align: justify;\">Con el objetivo de fortalecer capacidades en la prevenci\u00f3n, mitigaci\u00f3n y preparaci\u00f3n en situaciones de respuesta ante emergencias y desastres, para garantizar una pronta y eficiente actuaci\u00f3n ante cualquier eventualidad y dejar en beneficio a los municipios de Cob\u00e1n y San Pedro Carch\u00e1, A.V.<\/p>\n<p><a href=\"https:\/\/www.facebook.com\/hashtag\/elgobdelosguatemaltecos?__eep__=6&amp;__cft__[0]=AZVWHHwRwVJUgxXxGvSUN4OYk4RgxnvWSKfuWxbTh9HZieWyzKMy9ryCEcV4IVzN9y6ZMSedvYrEUJNv2hSyYEpVVt7h2yqtwLjwpeDrgivga7-LSVC6N-d7xOt4HdwkwarR2U9_z86DWTFixOQGqeb-skag6iJp53bEb1z_dNP1jROlOhiDllQcnZJbO61mPlw&amp;__tn__=*NK-R\" target=\"_blank\" rel=\"noopener\">#ElGobDeLosGuatemaltecos<\/a><br \/>\n<a href=\"https:\/\/www.facebook.com\/hashtag\/accionesquetransforman?__eep__=6&amp;__cft__[0]=AZVWHHwRwVJUgxXxGvSUN4OYk4RgxnvWSKfuWxbTh9HZieWyzKMy9ryCEcV4IVzN9y6ZMSedvYrEUJNv2hSyYEpVVt7h2yqtwLjwpeDrgivga7-LSVC6N-d7xOt4HdwkwarR2U9_z86DWTFixOQGqeb-skag6iJp53bEb1z_dNP1jROlOhiDllQcnZJbO61mPlw&amp;__tn__=*NK-R\" target=\"_blank\" rel=\"noopener\">#AccionesQueTransforman<\/a><\/p>\n<div><\/div>\n","protected":false},"excerpt":{"rendered":"<p>La Se\u00f1ora Gobernadora Departamental de Alta Verapaz. Licda. Angela Alvarado Ten\u00ed, particip\u00f3 en la reuni\u00f3n de Coordinaci\u00f3n interinstitucional, para el Proyecto Sistema de Alerta Temprana y Manejo de Desastres en Guatemala con cooperaci\u00f3n entre la Rep\u00fablica de China Taiw\u00e1n y la Rep\u00fablica de Guatemala, teniendo la presencia de representantes de las instituciones, Mides Guatemala, Ministerio [&hellip;]<\/p>\n","protected":false},"author":1,"featured_media":17171,"comment_status":"closed","ping_status":"open","sticky":false,"template":"","format":"gallery","meta":[],"categories":[197],"tags":[178],"_links":{"self":[{"href":"https:\/\/gobernacionaltaverapaz.gob.gt\/index.php?rest_route=\/wp\/v2\/posts\/17170"}],"collection":[{"href":"https:\/\/gobernacionaltaverapaz.gob.gt\/index.php?rest_route=\/wp\/v2\/posts"}],"about":[{"href":"https:\/\/gobernacionaltaverapaz.gob.gt\/index.php?rest_route=\/wp\/v2\/types\/post"}],"author":[{"embeddable":true,"href":"https:\/\/gobernacionaltaverapaz.gob.gt\/index.php?rest_route=\/wp\/v2\/users\/1"}],"replies":[{"embeddable":true,"href":"https:\/\/gobernacionaltaverapaz.gob.gt\/index.php?rest_route=%2Fwp%2Fv2%2Fcomments&post=17170"}],"version-history":[{"count":2,"href":"https:\/\/gobernacionaltaverapaz.gob.gt\/index.php?rest_route=\/wp\/v2\/posts\/17170\/revisions"}],"predecessor-version":[{"id":17177,"href":"https:\/\/gobernacionaltaverapaz.gob.gt\/index.php?rest_route=\/wp\/v2\/posts\/17170\/revisions\/17177"}],"wp:featuredmedia":[{"embeddable":true,"href":"https:\/\/gobernacionaltaverapaz.gob.gt\/index.php?rest_route=\/wp\/v2\/media\/17171"}],"wp:attachment":[{"href":"https:\/\/gobernacionaltaverapaz.gob.gt\/index.php?rest_route=%2Fwp%2Fv2%2Fmedia&parent=17170"}],"wp:term":[{"taxonomy":"category","embeddable":true,"href":"https:\/\/gobernacionaltaverapaz.gob.gt\/index.php?rest_route=%2Fwp%2Fv2%2Fcategories&post=17170"},{"taxonomy":"post_tag","embeddable":true,"href":"https:\/\/gobernacionaltaverapaz.gob.gt\/index.php?rest_route=%2Fwp%2Fv2%2Ftags&post=17170"}],"curies":[{"name":"wp","href":"https:\/\/api.w.org\/{rel}","templated":true}]}}