{"id":17181,"date":"2023-09-28T17:46:07","date_gmt":"2023-09-28T23:46:07","guid":{"rendered":"https:\/\/gobernacionaltaverapaz.gob.gt\/?p=17181"},"modified":"2023-09-29T08:53:11","modified_gmt":"2023-09-29T14:53:11","slug":"visita-recreativa-de-ninos-beneficiarios-del-programa-hogares-comunitarios-aldea-san-antonio-i-san-pedro-carcha-a-v","status":"publish","type":"post","link":"https:\/\/gobernacionaltaverapaz.gob.gt\/?p=17181","title":{"rendered":"Visita recreativa de ni\u00f1os beneficiarios del Programa Hogares Comunitarios Aldea San Antonio I, San Pedro Carch\u00e1, A.V."},"content":{"rendered":"<p style=\"text-align: justify;\">La Se\u00f1ora Gobernadora Departamental de A.V. Licda. Angela Alvarado Ten\u00ed, recibi\u00f3 una grata visita recreativa y brind\u00f3 un recorrido por las instalaciones del Palacio de Gobernaci\u00f3n Departamental a ni\u00f1os beneficiarios del Programa Hogares Comunitarios de <a href=\"https:\/\/www.facebook.com\/hashtag\/sosep?__eep__=6&amp;__cft__[0]=AZUKIpKNU8bsWljg9gQX2IZIltUAyoEbLidbUlSkA9vLnogtz2lXC_ynM0CXY4jirZ--FW3oM--uAXFyqsjlg9r5GKPH9n2afCwnXnIrM-277yk7owBuCVWJbIYqSszKxmLFa1SS8AAW0Z3E85_FbHoJ4ul_a_a1rmaDzADvzicN5t3j1Z6ybaMZYJRmoBcEuhw&amp;__tn__=*NK-R\" target=\"_blank\" rel=\"noopener\">#SOSEP<\/a>, <strong>CADI<\/strong> 553-20 de la Aldea San Antonio I de San Pedro Carch\u00e1, Alta Verapaz.<\/p>\n<div><\/div>\n","protected":false},"excerpt":{"rendered":"<p>La Se\u00f1ora Gobernadora Departamental de A.V. Licda. Angela Alvarado Ten\u00ed, recibi\u00f3 una grata visita recreativa y brind\u00f3 un recorrido por las instalaciones del Palacio de Gobernaci\u00f3n Departamental a ni\u00f1os beneficiarios del Programa Hogares Comunitarios de #SOSEP, CADI 553-20 de la Aldea San Antonio I de San Pedro Carch\u00e1, Alta Verapaz.<\/p>\n","protected":false},"author":1,"featured_media":17187,"comment_status":"closed","ping_status":"open","sticky":false,"template":"","format":"gallery","meta":[],"categories":[207],"tags":[178],"_links":{"self":[{"href":"https:\/\/gobernacionaltaverapaz.gob.gt\/index.php?rest_route=\/wp\/v2\/posts\/17181"}],"collection":[{"href":"https:\/\/gobernacionaltaverapaz.gob.gt\/index.php?rest_route=\/wp\/v2\/posts"}],"about":[{"href":"https:\/\/gobernacionaltaverapaz.gob.gt\/index.php?rest_route=\/wp\/v2\/types\/post"}],"author":[{"embeddable":true,"href":"https:\/\/gobernacionaltaverapaz.gob.gt\/index.php?rest_route=\/wp\/v2\/users\/1"}],"replies":[{"embeddable":true,"href":"https:\/\/gobernacionaltaverapaz.gob.gt\/index.php?rest_route=%2Fwp%2Fv2%2Fcomments&post=17181"}],"version-history":[{"count":3,"href":"https:\/\/gobernacionaltaverapaz.gob.gt\/index.php?rest_route=\/wp\/v2\/posts\/17181\/revisions"}],"predecessor-version":[{"id":17190,"href":"https:\/\/gobernacionaltaverapaz.gob.gt\/index.php?rest_route=\/wp\/v2\/posts\/17181\/revisions\/17190"}],"wp:featuredmedia":[{"embeddable":true,"href":"https:\/\/gobernacionaltaverapaz.gob.gt\/index.php?rest_route=\/wp\/v2\/media\/17187"}],"wp:attachment":[{"href":"https:\/\/gobernacionaltaverapaz.gob.gt\/index.php?rest_route=%2Fwp%2Fv2%2Fmedia&parent=17181"}],"wp:term":[{"taxonomy":"category","embeddable":true,"href":"https:\/\/gobernacionaltaverapaz.gob.gt\/index.php?rest_route=%2Fwp%2Fv2%2Fcategories&post=17181"},{"taxonomy":"post_tag","embeddable":true,"href":"https:\/\/gobernacionaltaverapaz.gob.gt\/index.php?rest_route=%2Fwp%2Fv2%2Ftags&post=17181"}],"curies":[{"name":"wp","href":"https:\/\/api.w.org\/{rel}","templated":true}]}}