{"id":17191,"date":"2023-09-29T15:00:36","date_gmt":"2023-09-29T21:00:36","guid":{"rendered":"https:\/\/gobernacionaltaverapaz.gob.gt\/?p=17191"},"modified":"2023-09-29T15:21:41","modified_gmt":"2023-09-29T21:21:41","slug":"reunion-ordinaria-del-codede-correspondiente-al-mes-de-septiembre","status":"publish","type":"post","link":"https:\/\/gobernacionaltaverapaz.gob.gt\/?p=17191","title":{"rendered":"Reuni\u00f3n Ordinaria del CODEDE septiembre 2023"},"content":{"rendered":"<p><a href=\"https:\/\/www.facebook.com\/hashtag\/altaverapaz?__eep__=6&amp;__cft__[0]=AZXmp945dGg4YojfBqKXRqkCIbb4jeBYzFLr61SxB5VouTT_OnUtVAOQmCwopyHeXkW5HiW7MyhuMRg9Dk9FdQB7P-oVQ8SkPG_o5vQth7MsYW_Q8mbQDHx3D0-c5PIO-sGLjs8JURZb19qLuz3b3ibiU9uIGotNlnlsGtAimuhG6LurjgajKp-nVKpp8Y17fPg&amp;__tn__=*NK-R\" target=\"_blank\" rel=\"noopener\">#AltaVerapaz<\/a><\/p>\n<p style=\"text-align: justify;\">El d\u00eda de hoy se llev\u00f3 a cabo la reuni\u00f3n Ordinaria del <strong>CODEDE<\/strong> correspondiente al mes de septiembre a la cual asisti\u00f3 la Se\u00f1ora Gobernadora Departamental de Alta Verapaz Licda. Angela Alvarado Ten\u00ed acompa\u00f1ada de las diferentes instituciones representadas ante el organismo colegiado del Codede A.V. Para consensuar los diferentes temas que encaminan el desarrollo de los 17 municipios del Departamento de Alta Verapaz.<\/p>\n<div><\/div>\n","protected":false},"excerpt":{"rendered":"<p>#AltaVerapaz El d\u00eda de hoy se llev\u00f3 a cabo la reuni\u00f3n Ordinaria del CODEDE correspondiente al mes de septiembre a la cual asisti\u00f3 la Se\u00f1ora Gobernadora Departamental de Alta Verapaz Licda. Angela Alvarado Ten\u00ed acompa\u00f1ada de las diferentes instituciones representadas ante el organismo colegiado del Codede A.V. Para consensuar los diferentes temas que encaminan el [&hellip;]<\/p>\n","protected":false},"author":1,"featured_media":17212,"comment_status":"closed","ping_status":"open","sticky":false,"template":"","format":"gallery","meta":[],"categories":[191,183],"tags":[178],"_links":{"self":[{"href":"https:\/\/gobernacionaltaverapaz.gob.gt\/index.php?rest_route=\/wp\/v2\/posts\/17191"}],"collection":[{"href":"https:\/\/gobernacionaltaverapaz.gob.gt\/index.php?rest_route=\/wp\/v2\/posts"}],"about":[{"href":"https:\/\/gobernacionaltaverapaz.gob.gt\/index.php?rest_route=\/wp\/v2\/types\/post"}],"author":[{"embeddable":true,"href":"https:\/\/gobernacionaltaverapaz.gob.gt\/index.php?rest_route=\/wp\/v2\/users\/1"}],"replies":[{"embeddable":true,"href":"https:\/\/gobernacionaltaverapaz.gob.gt\/index.php?rest_route=%2Fwp%2Fv2%2Fcomments&post=17191"}],"version-history":[{"count":5,"href":"https:\/\/gobernacionaltaverapaz.gob.gt\/index.php?rest_route=\/wp\/v2\/posts\/17191\/revisions"}],"predecessor-version":[{"id":17211,"href":"https:\/\/gobernacionaltaverapaz.gob.gt\/index.php?rest_route=\/wp\/v2\/posts\/17191\/revisions\/17211"}],"wp:featuredmedia":[{"embeddable":true,"href":"https:\/\/gobernacionaltaverapaz.gob.gt\/index.php?rest_route=\/wp\/v2\/media\/17212"}],"wp:attachment":[{"href":"https:\/\/gobernacionaltaverapaz.gob.gt\/index.php?rest_route=%2Fwp%2Fv2%2Fmedia&parent=17191"}],"wp:term":[{"taxonomy":"category","embeddable":true,"href":"https:\/\/gobernacionaltaverapaz.gob.gt\/index.php?rest_route=%2Fwp%2Fv2%2Fcategories&post=17191"},{"taxonomy":"post_tag","embeddable":true,"href":"https:\/\/gobernacionaltaverapaz.gob.gt\/index.php?rest_route=%2Fwp%2Fv2%2Ftags&post=17191"}],"curies":[{"name":"wp","href":"https:\/\/api.w.org\/{rel}","templated":true}]}}