{"id":17225,"date":"2023-10-04T16:09:42","date_gmt":"2023-10-04T22:09:42","guid":{"rendered":"https:\/\/gobernacionaltaverapaz.gob.gt\/?p=17225"},"modified":"2023-10-05T08:45:10","modified_gmt":"2023-10-05T14:45:10","slug":"mesa-de-dialogo-con-autoridades-de-la-municipalidad-de-lanquin-a-v-copadeh-pdh-juzgado-de-paz-ministerio-publico-ministerio-de-salud-publica-ministerio-de-educacion-y-miembros-de-cocodes-de-la","status":"publish","type":"post","link":"https:\/\/gobernacionaltaverapaz.gob.gt\/?p=17225","title":{"rendered":"Mesa de Di\u00e1logo con autoridades de la Municipalidad de Lanqu\u00edn A.V., COPADEH, PDH, Juzgado de Paz, MP, Ministerio de Salud P\u00fablica, Ministerio de Educaci\u00f3n y miembros de COCODES de la Regi\u00f3n II de Lanqu\u00edn, A.V."},"content":{"rendered":"<p style=\"text-align: justify;\">La Se\u00f1ora Gobernadora Departamental de Alta Verapaz, Angela Alvarado, llev\u00f3 a cabo una Mesa de Di\u00e1logo con autoridades de <a href=\"https:\/\/www.facebook.com\/profile.php?id=100068519316217&amp;__cft__[0]=AZWr6g8G5akLv_7TRvcgo-_0XkcokKISy5kZn8TA4gyHUiqQhdwwf-cfmfXnX1L6Umqo-nEQsmmCppRYkT114bOvkRLJXT624vCTd8x4mpX9TityfOBZasOuaz4Qi7QldbtklTwKSwF4P7QhtUdjldh-0vpTEmxFW3p9UybjYuyG9h9GCmLOmb9k95-YdmNaUK0&amp;__tn__=-]K-R\" target=\"_blank\" rel=\"noopener\">Municipalidad Lanqu\u00edn A.V.<\/a>,\u00a0 <a href=\"https:\/\/www.facebook.com\/hashtag\/copadeh?__eep__=6&amp;__cft__[0]=AZWr6g8G5akLv_7TRvcgo-_0XkcokKISy5kZn8TA4gyHUiqQhdwwf-cfmfXnX1L6Umqo-nEQsmmCppRYkT114bOvkRLJXT624vCTd8x4mpX9TityfOBZasOuaz4Qi7QldbtklTwKSwF4P7QhtUdjldh-0vpTEmxFW3p9UybjYuyG9h9GCmLOmb9k95-YdmNaUK0&amp;__tn__=*NK-R\" target=\"_blank\" rel=\"noopener\">#COPADEH<\/a>, <a href=\"https:\/\/www.facebook.com\/PDHGuatemala?__cft__[0]=AZWr6g8G5akLv_7TRvcgo-_0XkcokKISy5kZn8TA4gyHUiqQhdwwf-cfmfXnX1L6Umqo-nEQsmmCppRYkT114bOvkRLJXT624vCTd8x4mpX9TityfOBZasOuaz4Qi7QldbtklTwKSwF4P7QhtUdjldh-0vpTEmxFW3p9UybjYuyG9h9GCmLOmb9k95-YdmNaUK0&amp;__tn__=-]K-R\" target=\"_blank\" rel=\"noopener\">Procurador de los Derechos Humanos<\/a>, <a href=\"https:\/\/www.facebook.com\/hashtag\/juzgado?__eep__=6&amp;__cft__[0]=AZWr6g8G5akLv_7TRvcgo-_0XkcokKISy5kZn8TA4gyHUiqQhdwwf-cfmfXnX1L6Umqo-nEQsmmCppRYkT114bOvkRLJXT624vCTd8x4mpX9TityfOBZasOuaz4Qi7QldbtklTwKSwF4P7QhtUdjldh-0vpTEmxFW3p9UybjYuyG9h9GCmLOmb9k95-YdmNaUK0&amp;__tn__=*NK-R\" target=\"_blank\" rel=\"noopener\">#Juzgado de Paz<\/a>, <a href=\"https:\/\/www.facebook.com\/hashtag\/ministerio?__eep__=6&amp;__cft__[0]=AZWr6g8G5akLv_7TRvcgo-_0XkcokKISy5kZn8TA4gyHUiqQhdwwf-cfmfXnX1L6Umqo-nEQsmmCppRYkT114bOvkRLJXT624vCTd8x4mpX9TityfOBZasOuaz4Qi7QldbtklTwKSwF4P7QhtUdjldh-0vpTEmxFW3p9UybjYuyG9h9GCmLOmb9k95-YdmNaUK0&amp;__tn__=*NK-R\" target=\"_blank\" rel=\"noopener\">#Ministerio P\u00fablico<\/a>, <a href=\"https:\/\/www.facebook.com\/hashtag\/ministerio?__eep__=6&amp;__cft__[0]=AZWr6g8G5akLv_7TRvcgo-_0XkcokKISy5kZn8TA4gyHUiqQhdwwf-cfmfXnX1L6Umqo-nEQsmmCppRYkT114bOvkRLJXT624vCTd8x4mpX9TityfOBZasOuaz4Qi7QldbtklTwKSwF4P7QhtUdjldh-0vpTEmxFW3p9UybjYuyG9h9GCmLOmb9k95-YdmNaUK0&amp;__tn__=*NK-R\" target=\"_blank\" rel=\"noopener\">#Ministerio de Salud P\u00fablica<\/a>, Ministerio de Educaci\u00f3n y miembros de COCODES de la Regi\u00f3n II de Lanqu\u00edn, A.V. Con el objetivo de dar mantenimiento a la carretera dando inicio desde el Cruce de la aldea Chianay a trav\u00e9s de la Zona Vial No. 7 de Caminos, as\u00ed mismo dando soluci\u00f3n ante la problem\u00e1tica del agua potable que afecta al municipio y acordando el d\u00eda jueves 5 del presente mes habilitar el vital l\u00edquido que abastece a la poblaci\u00f3n Lanquinera del casco urbano.<\/p>\n<div><\/div>\n","protected":false},"excerpt":{"rendered":"<p>Con el objetivo de dar mantenimiento a la carretera dando inicio desde el Cruce de la aldea Chianay a trav\u00e9s de la Zona Vial No. 7 de Caminos, as\u00ed mismo dando soluci\u00f3n ante la problem\u00e1tica del agua potable que afecta al municipio y acordando el d\u00eda jueves 5 del presente mes habilitar el vital l\u00edquido que abastece a la poblaci\u00f3n Lanquinera del casco urbano.<\/p>\n","protected":false},"author":1,"featured_media":17227,"comment_status":"closed","ping_status":"open","sticky":false,"template":"","format":"gallery","meta":[],"categories":[173,4],"tags":[178],"_links":{"self":[{"href":"https:\/\/gobernacionaltaverapaz.gob.gt\/index.php?rest_route=\/wp\/v2\/posts\/17225"}],"collection":[{"href":"https:\/\/gobernacionaltaverapaz.gob.gt\/index.php?rest_route=\/wp\/v2\/posts"}],"about":[{"href":"https:\/\/gobernacionaltaverapaz.gob.gt\/index.php?rest_route=\/wp\/v2\/types\/post"}],"author":[{"embeddable":true,"href":"https:\/\/gobernacionaltaverapaz.gob.gt\/index.php?rest_route=\/wp\/v2\/users\/1"}],"replies":[{"embeddable":true,"href":"https:\/\/gobernacionaltaverapaz.gob.gt\/index.php?rest_route=%2Fwp%2Fv2%2Fcomments&post=17225"}],"version-history":[{"count":3,"href":"https:\/\/gobernacionaltaverapaz.gob.gt\/index.php?rest_route=\/wp\/v2\/posts\/17225\/revisions"}],"predecessor-version":[{"id":17235,"href":"https:\/\/gobernacionaltaverapaz.gob.gt\/index.php?rest_route=\/wp\/v2\/posts\/17225\/revisions\/17235"}],"wp:featuredmedia":[{"embeddable":true,"href":"https:\/\/gobernacionaltaverapaz.gob.gt\/index.php?rest_route=\/wp\/v2\/media\/17227"}],"wp:attachment":[{"href":"https:\/\/gobernacionaltaverapaz.gob.gt\/index.php?rest_route=%2Fwp%2Fv2%2Fmedia&parent=17225"}],"wp:term":[{"taxonomy":"category","embeddable":true,"href":"https:\/\/gobernacionaltaverapaz.gob.gt\/index.php?rest_route=%2Fwp%2Fv2%2Fcategories&post=17225"},{"taxonomy":"post_tag","embeddable":true,"href":"https:\/\/gobernacionaltaverapaz.gob.gt\/index.php?rest_route=%2Fwp%2Fv2%2Ftags&post=17225"}],"curies":[{"name":"wp","href":"https:\/\/api.w.org\/{rel}","templated":true}]}}