{"id":17282,"date":"2023-10-05T17:17:18","date_gmt":"2023-10-05T23:17:18","guid":{"rendered":"https:\/\/gobernacionaltaverapaz.gob.gt\/?p=17282"},"modified":"2023-10-06T09:05:04","modified_gmt":"2023-10-06T15:05:04","slug":"visita-de-ninas-que-conforman-la-red-municipal-por-la-igualdad-de-genero-y-representantes-de-planinternational","status":"publish","type":"post","link":"https:\/\/gobernacionaltaverapaz.gob.gt\/?p=17282","title":{"rendered":"Visita de Ni\u00f1as que conforman la Red municipal por la igualdad de g\u00e9nero y representantes de PlanInternational"},"content":{"rendered":"<p style=\"text-align: justify;\"><a href=\"https:\/\/www.facebook.com\/hashtag\/altaverapaz?__eep__=6&amp;__cft__[0]=AZVssHOAkxR9rkIkMJHoqdD-d3j53DfDHZWqg9tO_1E0KRUUEfEVr_P4tjQeGhLICZjkUR9vWaGUfF4c6ADBxZmHnmvLETjTLjki81yvMQ007adLM7b_VHYns2xC98cgTknz87s76gAdg4h3osOnpokUSsZbaHiOnGASkGJZ8TsvKMGrhsCXZYInB4566Dh3kK8&amp;__tn__=*NK-R\" target=\"_blank\" rel=\"noopener\">#AltaVerapaz<\/a><\/p>\n<p style=\"text-align: justify;\">El d\u00eda de hoy se cont\u00f3 con la visita de Ni\u00f1as que conforman la Red municipal por la igualdad de g\u00e9nero y representantes de <a href=\"https:\/\/www.facebook.com\/hashtag\/planinternational?__eep__=6&amp;__cft__[0]=AZVssHOAkxR9rkIkMJHoqdD-d3j53DfDHZWqg9tO_1E0KRUUEfEVr_P4tjQeGhLICZjkUR9vWaGUfF4c6ADBxZmHnmvLETjTLjki81yvMQ007adLM7b_VHYns2xC98cgTknz87s76gAdg4h3osOnpokUSsZbaHiOnGASkGJZ8TsvKMGrhsCXZYInB4566Dh3kK8&amp;__tn__=*NK-R\" target=\"_blank\" rel=\"noopener\">#PlanInternational<\/a>, llev\u00e1ndose a cabo un conversatorio con la Se\u00f1ora Gobernadora Departamental de Alta Verapaz. Licda Angela Alvarado Ten\u00ed.<\/p>\n<p style=\"text-align: justify;\">En dicha convivencia se dieron a conocer las experiencias a viva voz de cada una de las ni\u00f1as de c\u00f3mo se desarrolla su vida diaria en cada una de las comunidades a las que pertenecen y como las oportunidades a\u00fan son desiguales debido a g\u00e9nero y otras circunstancias, a lo cual la Se\u00f1ora Gobernadora Departamental de Alta Verapaz incentiv\u00f3 a las ni\u00f1as a seguir prepar\u00e1ndose acad\u00e9micamente para poder ser personas de cambio que puedan lograr sus metas planteadas y sean ejemplo para todas aquellas generaciones venideras.<\/p>\n<p><a href=\"https:\/\/www.facebook.com\/hashtag\/elgobdelosguatemaltecos?__eep__=6&amp;__cft__[0]=AZVssHOAkxR9rkIkMJHoqdD-d3j53DfDHZWqg9tO_1E0KRUUEfEVr_P4tjQeGhLICZjkUR9vWaGUfF4c6ADBxZmHnmvLETjTLjki81yvMQ007adLM7b_VHYns2xC98cgTknz87s76gAdg4h3osOnpokUSsZbaHiOnGASkGJZ8TsvKMGrhsCXZYInB4566Dh3kK8&amp;__tn__=*NK-R\" target=\"_blank\" rel=\"noopener\">#ElGobDeLosGuatemaltecos<\/a><br \/>\n<a href=\"https:\/\/www.facebook.com\/hashtag\/accionesquetransforman?__eep__=6&amp;__cft__[0]=AZVssHOAkxR9rkIkMJHoqdD-d3j53DfDHZWqg9tO_1E0KRUUEfEVr_P4tjQeGhLICZjkUR9vWaGUfF4c6ADBxZmHnmvLETjTLjki81yvMQ007adLM7b_VHYns2xC98cgTknz87s76gAdg4h3osOnpokUSsZbaHiOnGASkGJZ8TsvKMGrhsCXZYInB4566Dh3kK8&amp;__tn__=*NK-R\" target=\"_blank\" rel=\"noopener\">#AccionesQueTransforman<\/a><\/p>\n<div><\/div>\n","protected":false},"excerpt":{"rendered":"<p>#AltaVerapaz El d\u00eda de hoy se cont\u00f3 con la visita de Ni\u00f1as que conforman la Red municipal por la igualdad de g\u00e9nero y representantes de #PlanInternational, llev\u00e1ndose a cabo un conversatorio con la Se\u00f1ora Gobernadora Departamental de Alta Verapaz. Licda Angela Alvarado Ten\u00ed. En dicha convivencia se dieron a conocer las experiencias a viva voz [&hellip;]<\/p>\n","protected":false},"author":1,"featured_media":17294,"comment_status":"closed","ping_status":"open","sticky":false,"template":"","format":"gallery","meta":[],"categories":[2],"tags":[178],"_links":{"self":[{"href":"https:\/\/gobernacionaltaverapaz.gob.gt\/index.php?rest_route=\/wp\/v2\/posts\/17282"}],"collection":[{"href":"https:\/\/gobernacionaltaverapaz.gob.gt\/index.php?rest_route=\/wp\/v2\/posts"}],"about":[{"href":"https:\/\/gobernacionaltaverapaz.gob.gt\/index.php?rest_route=\/wp\/v2\/types\/post"}],"author":[{"embeddable":true,"href":"https:\/\/gobernacionaltaverapaz.gob.gt\/index.php?rest_route=\/wp\/v2\/users\/1"}],"replies":[{"embeddable":true,"href":"https:\/\/gobernacionaltaverapaz.gob.gt\/index.php?rest_route=%2Fwp%2Fv2%2Fcomments&post=17282"}],"version-history":[{"count":3,"href":"https:\/\/gobernacionaltaverapaz.gob.gt\/index.php?rest_route=\/wp\/v2\/posts\/17282\/revisions"}],"predecessor-version":[{"id":17298,"href":"https:\/\/gobernacionaltaverapaz.gob.gt\/index.php?rest_route=\/wp\/v2\/posts\/17282\/revisions\/17298"}],"wp:featuredmedia":[{"embeddable":true,"href":"https:\/\/gobernacionaltaverapaz.gob.gt\/index.php?rest_route=\/wp\/v2\/media\/17294"}],"wp:attachment":[{"href":"https:\/\/gobernacionaltaverapaz.gob.gt\/index.php?rest_route=%2Fwp%2Fv2%2Fmedia&parent=17282"}],"wp:term":[{"taxonomy":"category","embeddable":true,"href":"https:\/\/gobernacionaltaverapaz.gob.gt\/index.php?rest_route=%2Fwp%2Fv2%2Fcategories&post=17282"},{"taxonomy":"post_tag","embeddable":true,"href":"https:\/\/gobernacionaltaverapaz.gob.gt\/index.php?rest_route=%2Fwp%2Fv2%2Ftags&post=17282"}],"curies":[{"name":"wp","href":"https:\/\/api.w.org\/{rel}","templated":true}]}}