{"id":17299,"date":"2023-10-05T19:26:36","date_gmt":"2023-10-06T01:26:36","guid":{"rendered":"https:\/\/gobernacionaltaverapaz.gob.gt\/?p=17299"},"modified":"2023-10-06T09:25:18","modified_gmt":"2023-10-06T15:25:18","slug":"reunion-del-coe-departamental","status":"publish","type":"post","link":"https:\/\/gobernacionaltaverapaz.gob.gt\/?p=17299","title":{"rendered":"Reuni\u00f3n del COE departamental"},"content":{"rendered":"<p style=\"text-align: justify;\">El d\u00eda de hoy en reuni\u00f3n del <strong>COE<\/strong> departamental la se\u00f1ora Gobernadora Departamental en calidad de Directora\u00a0 e instituciones coordinadoras de las funciones activas por la declaratoria de Alerta Roja Institucional,\u00a0 procedieron por unanimidad incluir las funciones de &#8220;Obras P\u00fablicas&#8221; y &#8220;Gesti\u00f3n de Maquinaria y Equipo&#8221; en cumplimiento al punto resolutivo <strong>CN-12-11-2023<\/strong> emitido por el Consejo Nacional Para la Reducci\u00f3n de Desastres y considerando la <strong>REFERENCIA SE- DRE-3631-2023<\/strong>, donde en ella recomienda que de acuerdo a la estructura departamental guiados con el Plan Nacional de Respuesta versi\u00f3n No. 9, que estas funciones deber\u00e1n ser coordinadas por el Ministerio de Comunicaciones, Infraestructura y Vivienda &#8211;<strong>CIV<\/strong>, por lo que en el departamento de Alta Verapaz queda bajo el liderazgo de la Zona Vial No. 7 de Caminos, en la alerta roja institucional, para atender los da\u00f1os ocasionados por la temporada de lluvias, con el objetivo de proceder a coordinar o proceder a habilitar las v\u00edas, haciendo las reparaciones provisionales para reanudar el tr\u00e1nsito a la mayor brevedad posible. Continuando activas las funciones de gesti\u00f3n alimentaria; agua y saneamiento e higiene; salud; gesti\u00f3n de transporte y educaci\u00f3n.<\/p>\n<p style=\"text-align: justify;\">As\u00ed tambi\u00e9n se proceder\u00e1 a notificar a las autoridades municipales del departamento de Alta Verapaz, para que consideren los procedimientos anteriores\u00a0 en caso las condiciones lo ameriten.<\/p>\n<div><\/div>\n","protected":false},"excerpt":{"rendered":"<p>Con el objetivo de proceder a coordinar o proceder a habilitar las v\u00edas<\/p>\n","protected":false},"author":1,"featured_media":17309,"comment_status":"closed","ping_status":"open","sticky":false,"template":"","format":"gallery","meta":[],"categories":[4],"tags":[178],"_links":{"self":[{"href":"https:\/\/gobernacionaltaverapaz.gob.gt\/index.php?rest_route=\/wp\/v2\/posts\/17299"}],"collection":[{"href":"https:\/\/gobernacionaltaverapaz.gob.gt\/index.php?rest_route=\/wp\/v2\/posts"}],"about":[{"href":"https:\/\/gobernacionaltaverapaz.gob.gt\/index.php?rest_route=\/wp\/v2\/types\/post"}],"author":[{"embeddable":true,"href":"https:\/\/gobernacionaltaverapaz.gob.gt\/index.php?rest_route=\/wp\/v2\/users\/1"}],"replies":[{"embeddable":true,"href":"https:\/\/gobernacionaltaverapaz.gob.gt\/index.php?rest_route=%2Fwp%2Fv2%2Fcomments&post=17299"}],"version-history":[{"count":4,"href":"https:\/\/gobernacionaltaverapaz.gob.gt\/index.php?rest_route=\/wp\/v2\/posts\/17299\/revisions"}],"predecessor-version":[{"id":17312,"href":"https:\/\/gobernacionaltaverapaz.gob.gt\/index.php?rest_route=\/wp\/v2\/posts\/17299\/revisions\/17312"}],"wp:featuredmedia":[{"embeddable":true,"href":"https:\/\/gobernacionaltaverapaz.gob.gt\/index.php?rest_route=\/wp\/v2\/media\/17309"}],"wp:attachment":[{"href":"https:\/\/gobernacionaltaverapaz.gob.gt\/index.php?rest_route=%2Fwp%2Fv2%2Fmedia&parent=17299"}],"wp:term":[{"taxonomy":"category","embeddable":true,"href":"https:\/\/gobernacionaltaverapaz.gob.gt\/index.php?rest_route=%2Fwp%2Fv2%2Fcategories&post=17299"},{"taxonomy":"post_tag","embeddable":true,"href":"https:\/\/gobernacionaltaverapaz.gob.gt\/index.php?rest_route=%2Fwp%2Fv2%2Ftags&post=17299"}],"curies":[{"name":"wp","href":"https:\/\/api.w.org\/{rel}","templated":true}]}}