{"id":17319,"date":"2023-10-19T11:49:26","date_gmt":"2023-10-19T17:49:26","guid":{"rendered":"https:\/\/gobernacionaltaverapaz.gob.gt\/?p=17319"},"modified":"2023-10-19T13:53:51","modified_gmt":"2023-10-19T19:53:51","slug":"campana-de-prevencion-sensibilizacion-y-concientizacion","status":"publish","type":"post","link":"https:\/\/gobernacionaltaverapaz.gob.gt\/?p=17319","title":{"rendered":"Campa\u00f1a de prevenci\u00f3n, sensibilizaci\u00f3n y concientizaci\u00f3n"},"content":{"rendered":"<p style=\"text-align: justify;\"><a href=\"https:\/\/www.facebook.com\/hashtag\/altaverapaz?__eep__=6&amp;__cft__[0]=AZXd6nIpiwGZkTKAMSvYwncYj9esL7MYJlJxvbtkVtNUaKsXvFACcNrlOHiDgEn3M2t5KJoLwPUenkfhSjCupZ2OEtd-jr1HbArv3SLIGBGNtcz8v0gqlpK9DOeXarkLz2Eo0sl4rVtowYJCV8pJHs5wk23L79zAjaUSKi0JSMzUYPlc6-0hkjO3ounTeSIHljY&amp;__tn__=*NK-R\" target=\"_blank\" rel=\"noopener\">#AltaVerapaz<\/a><\/p>\n<p style=\"text-align: justify;\">El d\u00eda de hoy la Unidad de la Prevenci\u00f3n Comunitaria de la Violencia &#8211;<strong>UPCV<\/strong>&#8211; y de la Subdirecci\u00f3n General de Prevenci\u00f3n del Delito, llevaron a cabo campa\u00f1as de prevenci\u00f3n, sensibilizaci\u00f3n y concientizaci\u00f3n. Revolucionemos La Tolerancia \u201cExpresate sin Violencia\u201d, en Conmemoraci\u00f3n del D\u00eda de la Revoluci\u00f3n del 20 de octubre en diferentes comercios del municipio de Cob\u00e1n, A.V.<br \/>\nCon el objetivo de que las actividades diarias se desarrollen en convivencia pac\u00edfica y con el respeto a los derechos de las personas.<\/p>\n<p><a href=\"https:\/\/www.facebook.com\/hashtag\/elgobdelosguatemaltecos?__eep__=6&amp;__cft__[0]=AZXd6nIpiwGZkTKAMSvYwncYj9esL7MYJlJxvbtkVtNUaKsXvFACcNrlOHiDgEn3M2t5KJoLwPUenkfhSjCupZ2OEtd-jr1HbArv3SLIGBGNtcz8v0gqlpK9DOeXarkLz2Eo0sl4rVtowYJCV8pJHs5wk23L79zAjaUSKi0JSMzUYPlc6-0hkjO3ounTeSIHljY&amp;__tn__=*NK-R\" target=\"_blank\" rel=\"noopener\">#ElGobDeLosGuatemaltecos<\/a><br \/>\n<a href=\"https:\/\/www.facebook.com\/hashtag\/accionesquetransforman?__eep__=6&amp;__cft__[0]=AZXd6nIpiwGZkTKAMSvYwncYj9esL7MYJlJxvbtkVtNUaKsXvFACcNrlOHiDgEn3M2t5KJoLwPUenkfhSjCupZ2OEtd-jr1HbArv3SLIGBGNtcz8v0gqlpK9DOeXarkLz2Eo0sl4rVtowYJCV8pJHs5wk23L79zAjaUSKi0JSMzUYPlc6-0hkjO3ounTeSIHljY&amp;__tn__=*NK-R\" target=\"_blank\" rel=\"noopener\">#AccionesQueTransforman<\/a><\/p>\n<div><\/div>\n","protected":false},"excerpt":{"rendered":"<p>Con el objetivo de que las actividades diarias se desarrollen en convivencia pac\u00edfica y con el respeto a los derechos de las personas.<\/p>\n","protected":false},"author":1,"featured_media":17320,"comment_status":"closed","ping_status":"open","sticky":false,"template":"","format":"gallery","meta":[],"categories":[183],"tags":[178],"_links":{"self":[{"href":"https:\/\/gobernacionaltaverapaz.gob.gt\/index.php?rest_route=\/wp\/v2\/posts\/17319"}],"collection":[{"href":"https:\/\/gobernacionaltaverapaz.gob.gt\/index.php?rest_route=\/wp\/v2\/posts"}],"about":[{"href":"https:\/\/gobernacionaltaverapaz.gob.gt\/index.php?rest_route=\/wp\/v2\/types\/post"}],"author":[{"embeddable":true,"href":"https:\/\/gobernacionaltaverapaz.gob.gt\/index.php?rest_route=\/wp\/v2\/users\/1"}],"replies":[{"embeddable":true,"href":"https:\/\/gobernacionaltaverapaz.gob.gt\/index.php?rest_route=%2Fwp%2Fv2%2Fcomments&post=17319"}],"version-history":[{"count":3,"href":"https:\/\/gobernacionaltaverapaz.gob.gt\/index.php?rest_route=\/wp\/v2\/posts\/17319\/revisions"}],"predecessor-version":[{"id":17327,"href":"https:\/\/gobernacionaltaverapaz.gob.gt\/index.php?rest_route=\/wp\/v2\/posts\/17319\/revisions\/17327"}],"wp:featuredmedia":[{"embeddable":true,"href":"https:\/\/gobernacionaltaverapaz.gob.gt\/index.php?rest_route=\/wp\/v2\/media\/17320"}],"wp:attachment":[{"href":"https:\/\/gobernacionaltaverapaz.gob.gt\/index.php?rest_route=%2Fwp%2Fv2%2Fmedia&parent=17319"}],"wp:term":[{"taxonomy":"category","embeddable":true,"href":"https:\/\/gobernacionaltaverapaz.gob.gt\/index.php?rest_route=%2Fwp%2Fv2%2Fcategories&post=17319"},{"taxonomy":"post_tag","embeddable":true,"href":"https:\/\/gobernacionaltaverapaz.gob.gt\/index.php?rest_route=%2Fwp%2Fv2%2Ftags&post=17319"}],"curies":[{"name":"wp","href":"https:\/\/api.w.org\/{rel}","templated":true}]}}