{"id":17329,"date":"2023-10-23T11:57:00","date_gmt":"2023-10-23T17:57:00","guid":{"rendered":"https:\/\/gobernacionaltaverapaz.gob.gt\/?p=17329"},"modified":"2023-10-23T15:17:15","modified_gmt":"2023-10-23T21:17:15","slug":"festival-de-la-alimentacion-saludable","status":"publish","type":"post","link":"https:\/\/gobernacionaltaverapaz.gob.gt\/?p=17329","title":{"rendered":"Festival de la Alimentaci\u00f3n Saludable"},"content":{"rendered":"<p style=\"text-align: justify;\">En conmemoraci\u00f3n del D\u00eda Mundial de la Alimentaci\u00f3n, el d\u00eda de hoy se llev\u00f3 a cabo El \u201cFestival de la Alimentaci\u00f3n Saludable\u201d El agua es Vida. El agua nutre. No dejar a nadie atr\u00e1s\u201d, en el Parque Infantil Navidad de Cob\u00e1n, Alta Verapaz.<\/p>\n<p style=\"text-align: justify;\">Contando con la presencia de diferentes instituciones Gubernamentales y No Gubernamentales que conforman la Comisi\u00f3n de Seguridad Alimentaria y Nutricional &#8211;<strong>COMUSAN<\/strong>&#8211; del municipio de Cob\u00e1n, A.V. Los cuales dieron a conocer a trav\u00e9s de los diferentes Stands las actividades que realizan como instituci\u00f3n en este municipio, con el objetivo de sensibilizar a la poblaci\u00f3n sobre el uso del recurso de agua como parte de los derechos inherentes del ser humano la Seguridad Alimentaria y Nutricional.<\/p>\n<div><\/div>\n","protected":false},"excerpt":{"rendered":"<p>Con el objetivo de sensibilizar a la poblaci\u00f3n sobre el uso del recurso de agua como parte de los derechos inherentes del ser humano la Seguridad Alimentaria y Nutricional.<\/p>\n","protected":false},"author":1,"featured_media":17330,"comment_status":"closed","ping_status":"open","sticky":false,"template":"","format":"gallery","meta":[],"categories":[202],"tags":[178],"_links":{"self":[{"href":"https:\/\/gobernacionaltaverapaz.gob.gt\/index.php?rest_route=\/wp\/v2\/posts\/17329"}],"collection":[{"href":"https:\/\/gobernacionaltaverapaz.gob.gt\/index.php?rest_route=\/wp\/v2\/posts"}],"about":[{"href":"https:\/\/gobernacionaltaverapaz.gob.gt\/index.php?rest_route=\/wp\/v2\/types\/post"}],"author":[{"embeddable":true,"href":"https:\/\/gobernacionaltaverapaz.gob.gt\/index.php?rest_route=\/wp\/v2\/users\/1"}],"replies":[{"embeddable":true,"href":"https:\/\/gobernacionaltaverapaz.gob.gt\/index.php?rest_route=%2Fwp%2Fv2%2Fcomments&post=17329"}],"version-history":[{"count":4,"href":"https:\/\/gobernacionaltaverapaz.gob.gt\/index.php?rest_route=\/wp\/v2\/posts\/17329\/revisions"}],"predecessor-version":[{"id":17347,"href":"https:\/\/gobernacionaltaverapaz.gob.gt\/index.php?rest_route=\/wp\/v2\/posts\/17329\/revisions\/17347"}],"wp:featuredmedia":[{"embeddable":true,"href":"https:\/\/gobernacionaltaverapaz.gob.gt\/index.php?rest_route=\/wp\/v2\/media\/17330"}],"wp:attachment":[{"href":"https:\/\/gobernacionaltaverapaz.gob.gt\/index.php?rest_route=%2Fwp%2Fv2%2Fmedia&parent=17329"}],"wp:term":[{"taxonomy":"category","embeddable":true,"href":"https:\/\/gobernacionaltaverapaz.gob.gt\/index.php?rest_route=%2Fwp%2Fv2%2Fcategories&post=17329"},{"taxonomy":"post_tag","embeddable":true,"href":"https:\/\/gobernacionaltaverapaz.gob.gt\/index.php?rest_route=%2Fwp%2Fv2%2Ftags&post=17329"}],"curies":[{"name":"wp","href":"https:\/\/api.w.org\/{rel}","templated":true}]}}