{"id":17348,"date":"2023-10-26T16:44:53","date_gmt":"2023-10-26T22:44:53","guid":{"rendered":"https:\/\/gobernacionaltaverapaz.gob.gt\/?p=17348"},"modified":"2023-10-31T09:27:52","modified_gmt":"2023-10-31T15:27:52","slug":"acto-protocolario-de-acreditacion-y-juramentacion-de-la-coordinadora-departamental-para-la-reduccion-de-desastre-codred","status":"publish","type":"post","link":"https:\/\/gobernacionaltaverapaz.gob.gt\/?p=17348","title":{"rendered":"Juramentan y acreditan a la Codred de Alta Verapaz"},"content":{"rendered":"<p style=\"text-align: justify;\">#AltaVerapaz<\/p>\n<p style=\"text-align: justify;\">El d\u00eda de hoy se llev\u00f3 a cabo el Acto Protocolario de Acreditaci\u00f3n y Juramentaci\u00f3n de la Coordinadora Departamental para la Reducci\u00f3n de Desastre \u2013<strong>CODRED<\/strong>&#8211; del departamento de Alta Verapaz.<\/p>\n<p style=\"text-align: justify;\">Con el objetivo de contar con un equipo preparado y anuente ante el ingreso de la temporada de lluvias, para coordinar las acciones de las dependencias, entidades del sector p\u00fablico, sector privado, organizaciones con presencia en el departamento y as\u00ed puedan promover una respuesta previsible, oportuna y eficiente a desastres generados por eventos medioambientales, tecnol\u00f3gicos, sanitarios o antr\u00f3picos contribuyendo a preservar la vida, proteger los bienes y reducir el impacto en la poblaci\u00f3n.<\/p>\n<p style=\"text-align: justify;\"><a href=\"https:\/\/www.facebook.com\/hashtag\/elgobdelosguatemaltecos?__eep__=6&amp;__cft__[0]=AZWy2EX-HxE6DvU-ZrnKujDl5G-z1AukboNZxABOGTnZQ_OIlmaOL1NBUXpg6wv5wMRI3ao30doHqoQ14kruE9OciSBsKuqbsArw_ADKUnngky7Q4mq1migDjAfuq4SjVRwp846oC3unW9_GhJ4MVUFzB20xqt147_Ttvtl9IyrvhITbdJYmwb3_oGeW1Fi8AfQ&amp;__tn__=*NK-R\" target=\"_blank\" rel=\"noopener\">#ElGobDeLosGuatemaltecos<\/a><\/p>\n<div><\/div>\n","protected":false},"excerpt":{"rendered":"<p>Con el objetivo de contar con un equipo preparado y anuente ante el ingreso de la temporada de lluvias, para coordinar las acciones de las dependencias, entidades del sector p\u00fablico, sector privado.<\/p>\n","protected":false},"author":1,"featured_media":17357,"comment_status":"closed","ping_status":"open","sticky":false,"template":"","format":"gallery","meta":[],"categories":[197],"tags":[178],"_links":{"self":[{"href":"https:\/\/gobernacionaltaverapaz.gob.gt\/index.php?rest_route=\/wp\/v2\/posts\/17348"}],"collection":[{"href":"https:\/\/gobernacionaltaverapaz.gob.gt\/index.php?rest_route=\/wp\/v2\/posts"}],"about":[{"href":"https:\/\/gobernacionaltaverapaz.gob.gt\/index.php?rest_route=\/wp\/v2\/types\/post"}],"author":[{"embeddable":true,"href":"https:\/\/gobernacionaltaverapaz.gob.gt\/index.php?rest_route=\/wp\/v2\/users\/1"}],"replies":[{"embeddable":true,"href":"https:\/\/gobernacionaltaverapaz.gob.gt\/index.php?rest_route=%2Fwp%2Fv2%2Fcomments&post=17348"}],"version-history":[{"count":6,"href":"https:\/\/gobernacionaltaverapaz.gob.gt\/index.php?rest_route=\/wp\/v2\/posts\/17348\/revisions"}],"predecessor-version":[{"id":17406,"href":"https:\/\/gobernacionaltaverapaz.gob.gt\/index.php?rest_route=\/wp\/v2\/posts\/17348\/revisions\/17406"}],"wp:featuredmedia":[{"embeddable":true,"href":"https:\/\/gobernacionaltaverapaz.gob.gt\/index.php?rest_route=\/wp\/v2\/media\/17357"}],"wp:attachment":[{"href":"https:\/\/gobernacionaltaverapaz.gob.gt\/index.php?rest_route=%2Fwp%2Fv2%2Fmedia&parent=17348"}],"wp:term":[{"taxonomy":"category","embeddable":true,"href":"https:\/\/gobernacionaltaverapaz.gob.gt\/index.php?rest_route=%2Fwp%2Fv2%2Fcategories&post=17348"},{"taxonomy":"post_tag","embeddable":true,"href":"https:\/\/gobernacionaltaverapaz.gob.gt\/index.php?rest_route=%2Fwp%2Fv2%2Ftags&post=17348"}],"curies":[{"name":"wp","href":"https:\/\/api.w.org\/{rel}","templated":true}]}}