{"id":17368,"date":"2023-10-27T18:53:46","date_gmt":"2023-10-28T00:53:46","guid":{"rendered":"https:\/\/gobernacionaltaverapaz.gob.gt\/?p=17368"},"modified":"2023-10-31T08:43:23","modified_gmt":"2023-10-31T14:43:23","slug":"reunion-ordinaria-de-consejo-del-ejercicio-fiscal-2023","status":"publish","type":"post","link":"https:\/\/gobernacionaltaverapaz.gob.gt\/?p=17368","title":{"rendered":"Reuni\u00f3n Ordinaria de Consejo del Ejercicio Fiscal 2023"},"content":{"rendered":"<p style=\"text-align: justify;\"><a href=\"https:\/\/www.facebook.com\/hashtag\/altaverapaz?__eep__=6&amp;__cft__[0]=AZVxt7lJjpt52Ag84iadkKt4_hQUZ6Cq9Ru3fPqxJj7ISshI4eWh-6TsmyWL5nKNbQRtxfeZGDj65NReOAoHvQlfXJbQifkP19dsjtaOvlEzmUM7jzZq4dvuQFiDSc-aHEX-RJOPvlN4o0jM2nr97EFm73VMh6dKuL2N8jhh7pqB8wxuuHnOXVmKZWhM4jzgyr4&amp;__tn__=*NK-R\" target=\"_blank\" rel=\"noopener\">#AltaVerapaz<\/a><\/p>\n<p style=\"text-align: justify;\">Derivado a la coordinaci\u00f3n que se realiza cada mes con las diferentes instituciones representadas ante el organismo colegiado del <a href=\"https:\/\/www.facebook.com\/codede.av?__cft__[0]=AZVxt7lJjpt52Ag84iadkKt4_hQUZ6Cq9Ru3fPqxJj7ISshI4eWh-6TsmyWL5nKNbQRtxfeZGDj65NReOAoHvQlfXJbQifkP19dsjtaOvlEzmUM7jzZq4dvuQFiDSc-aHEX-RJOPvlN4o0jM2nr97EFm73VMh6dKuL2N8jhh7pqB8wxuuHnOXVmKZWhM4jzgyr4&amp;__tn__=-]K-R\" target=\"_blank\" rel=\"noopener\">Codede AV<\/a>, para consensuar los diferentes temas que encaminan el desarrollo de los 17 municipios del departamento de Alta Verapaz. El d\u00eda de hoy se llev\u00f3 a cabo la Reuni\u00f3n Ordinaria de \u00e9ste Consejo del Ejercicio Fiscal 2023.<\/p>\n<p style=\"text-align: justify;\"><a href=\"https:\/\/www.facebook.com\/hashtag\/elgobdelosguatemaltecos?__eep__=6&amp;__cft__[0]=AZVxt7lJjpt52Ag84iadkKt4_hQUZ6Cq9Ru3fPqxJj7ISshI4eWh-6TsmyWL5nKNbQRtxfeZGDj65NReOAoHvQlfXJbQifkP19dsjtaOvlEzmUM7jzZq4dvuQFiDSc-aHEX-RJOPvlN4o0jM2nr97EFm73VMh6dKuL2N8jhh7pqB8wxuuHnOXVmKZWhM4jzgyr4&amp;__tn__=*NK-R\" target=\"_blank\" rel=\"noopener\">#ElGobDeLosGuatemaltecos<\/a><\/p>\n<div><\/div>\n","protected":false},"excerpt":{"rendered":"<p>#AltaVerapaz Derivado a la coordinaci\u00f3n que se realiza cada mes con las diferentes instituciones representadas ante el organismo colegiado del Codede AV, para consensuar los diferentes temas que encaminan el desarrollo de los 17 municipios del departamento de Alta Verapaz. El d\u00eda de hoy se llev\u00f3 a cabo la Reuni\u00f3n Ordinaria de \u00e9ste Consejo del [&hellip;]<\/p>\n","protected":false},"author":1,"featured_media":17374,"comment_status":"closed","ping_status":"open","sticky":false,"template":"","format":"gallery","meta":[],"categories":[183],"tags":[178],"_links":{"self":[{"href":"https:\/\/gobernacionaltaverapaz.gob.gt\/index.php?rest_route=\/wp\/v2\/posts\/17368"}],"collection":[{"href":"https:\/\/gobernacionaltaverapaz.gob.gt\/index.php?rest_route=\/wp\/v2\/posts"}],"about":[{"href":"https:\/\/gobernacionaltaverapaz.gob.gt\/index.php?rest_route=\/wp\/v2\/types\/post"}],"author":[{"embeddable":true,"href":"https:\/\/gobernacionaltaverapaz.gob.gt\/index.php?rest_route=\/wp\/v2\/users\/1"}],"replies":[{"embeddable":true,"href":"https:\/\/gobernacionaltaverapaz.gob.gt\/index.php?rest_route=%2Fwp%2Fv2%2Fcomments&post=17368"}],"version-history":[{"count":2,"href":"https:\/\/gobernacionaltaverapaz.gob.gt\/index.php?rest_route=\/wp\/v2\/posts\/17368\/revisions"}],"predecessor-version":[{"id":17376,"href":"https:\/\/gobernacionaltaverapaz.gob.gt\/index.php?rest_route=\/wp\/v2\/posts\/17368\/revisions\/17376"}],"wp:featuredmedia":[{"embeddable":true,"href":"https:\/\/gobernacionaltaverapaz.gob.gt\/index.php?rest_route=\/wp\/v2\/media\/17374"}],"wp:attachment":[{"href":"https:\/\/gobernacionaltaverapaz.gob.gt\/index.php?rest_route=%2Fwp%2Fv2%2Fmedia&parent=17368"}],"wp:term":[{"taxonomy":"category","embeddable":true,"href":"https:\/\/gobernacionaltaverapaz.gob.gt\/index.php?rest_route=%2Fwp%2Fv2%2Fcategories&post=17368"},{"taxonomy":"post_tag","embeddable":true,"href":"https:\/\/gobernacionaltaverapaz.gob.gt\/index.php?rest_route=%2Fwp%2Fv2%2Ftags&post=17368"}],"curies":[{"name":"wp","href":"https:\/\/api.w.org\/{rel}","templated":true}]}}