{"id":17377,"date":"2023-10-27T19:36:17","date_gmt":"2023-10-28T01:36:17","guid":{"rendered":"https:\/\/gobernacionaltaverapaz.gob.gt\/?p=17377"},"modified":"2023-10-31T08:58:56","modified_gmt":"2023-10-31T14:58:56","slug":"acto-de-conmemoracion","status":"publish","type":"post","link":"https:\/\/gobernacionaltaverapaz.gob.gt\/?p=17377","title":{"rendered":"Acto de Conmemoraci\u00f3n"},"content":{"rendered":"<p style=\"text-align: justify;\"><a href=\"https:\/\/www.facebook.com\/hashtag\/altaverapaz?__eep__=6&amp;__cft__[0]=AZXMQtg0XLSjQildcfMkCk3eI_02NmnCNcM8E7SjCUy7JN0M4kWn_GgSbh6ovIgYQTlkHmv7hMYSsLhm8qQKE0oIvaIXNgiKX9i--5x2MPY2qMcCS-CjtW3rBObovYpg06J4Ioc7_66E72aGzd9UTHRXDTrg1-31g6m5GMWJbilPv5SmNUkb1krYdrl9C3V7Mew&amp;__tn__=*NK-R\" target=\"_blank\" rel=\"noopener\">#AltaVerapaz<\/a><\/p>\n<p style=\"text-align: justify;\">Bajo el liderazgo del Se\u00f1or Presidente de la Rep\u00fablica, Alejandro Giammattei, se llev\u00f3 a cabo el d\u00eda de hoy en las instalaciones del Palacio de Gobernaci\u00f3n Departamental de Alta Verapaz, el acto de Conmemoraci\u00f3n del D\u00eda Internacional por la Libertad Religiosa.<\/p>\n<p style=\"text-align: justify;\">As\u00ed mismo se realiz\u00f3 la Revelaci\u00f3n del Monumento conmemorativo Por la Vida y La Familia.<\/p>\n<p style=\"text-align: justify;\"><a href=\"https:\/\/www.facebook.com\/hashtag\/elgobdelosguatemaltecos?__eep__=6&amp;__cft__[0]=AZXMQtg0XLSjQildcfMkCk3eI_02NmnCNcM8E7SjCUy7JN0M4kWn_GgSbh6ovIgYQTlkHmv7hMYSsLhm8qQKE0oIvaIXNgiKX9i--5x2MPY2qMcCS-CjtW3rBObovYpg06J4Ioc7_66E72aGzd9UTHRXDTrg1-31g6m5GMWJbilPv5SmNUkb1krYdrl9C3V7Mew&amp;__tn__=*NK-R\" target=\"_blank\" rel=\"noopener\">#ElGobDeLosGuatemaltecos<\/a><\/p>\n<div><\/div>\n","protected":false},"excerpt":{"rendered":"<p>#AltaVerapaz Bajo el liderazgo del Se\u00f1or Presidente de la Rep\u00fablica, Alejandro Giammattei, se llev\u00f3 a cabo el d\u00eda de hoy en las instalaciones del Palacio de Gobernaci\u00f3n Departamental de Alta Verapaz, el acto de Conmemoraci\u00f3n del D\u00eda Internacional por la Libertad Religiosa. As\u00ed mismo se realiz\u00f3 la Revelaci\u00f3n del Monumento conmemorativo Por la Vida y [&hellip;]<\/p>\n","protected":false},"author":1,"featured_media":17378,"comment_status":"closed","ping_status":"open","sticky":false,"template":"","format":"gallery","meta":[],"categories":[183],"tags":[178],"_links":{"self":[{"href":"https:\/\/gobernacionaltaverapaz.gob.gt\/index.php?rest_route=\/wp\/v2\/posts\/17377"}],"collection":[{"href":"https:\/\/gobernacionaltaverapaz.gob.gt\/index.php?rest_route=\/wp\/v2\/posts"}],"about":[{"href":"https:\/\/gobernacionaltaverapaz.gob.gt\/index.php?rest_route=\/wp\/v2\/types\/post"}],"author":[{"embeddable":true,"href":"https:\/\/gobernacionaltaverapaz.gob.gt\/index.php?rest_route=\/wp\/v2\/users\/1"}],"replies":[{"embeddable":true,"href":"https:\/\/gobernacionaltaverapaz.gob.gt\/index.php?rest_route=%2Fwp%2Fv2%2Fcomments&post=17377"}],"version-history":[{"count":4,"href":"https:\/\/gobernacionaltaverapaz.gob.gt\/index.php?rest_route=\/wp\/v2\/posts\/17377\/revisions"}],"predecessor-version":[{"id":17383,"href":"https:\/\/gobernacionaltaverapaz.gob.gt\/index.php?rest_route=\/wp\/v2\/posts\/17377\/revisions\/17383"}],"wp:featuredmedia":[{"embeddable":true,"href":"https:\/\/gobernacionaltaverapaz.gob.gt\/index.php?rest_route=\/wp\/v2\/media\/17378"}],"wp:attachment":[{"href":"https:\/\/gobernacionaltaverapaz.gob.gt\/index.php?rest_route=%2Fwp%2Fv2%2Fmedia&parent=17377"}],"wp:term":[{"taxonomy":"category","embeddable":true,"href":"https:\/\/gobernacionaltaverapaz.gob.gt\/index.php?rest_route=%2Fwp%2Fv2%2Fcategories&post=17377"},{"taxonomy":"post_tag","embeddable":true,"href":"https:\/\/gobernacionaltaverapaz.gob.gt\/index.php?rest_route=%2Fwp%2Fv2%2Ftags&post=17377"}],"curies":[{"name":"wp","href":"https:\/\/api.w.org\/{rel}","templated":true}]}}