{"id":17386,"date":"2023-10-28T10:38:19","date_gmt":"2023-10-28T16:38:19","guid":{"rendered":"https:\/\/gobernacionaltaverapaz.gob.gt\/?p=17386"},"modified":"2023-10-31T09:34:55","modified_gmt":"2023-10-31T15:34:55","slug":"inauguracion-del-remozamiento-del-puesto-de-salud-de-la-aldea-santa-elena-del-municipio-de-san-cristobal-verapaz","status":"publish","type":"post","link":"https:\/\/gobernacionaltaverapaz.gob.gt\/?p=17386","title":{"rendered":"Inauguraci\u00f3n del Remozamiento del Puesto de Salud de la Aldea Santa Elena del municipio de San Crist\u00f3bal Verapaz"},"content":{"rendered":"<p style=\"text-align: justify;\"><a href=\"https:\/\/www.facebook.com\/hashtag\/altaverapaz?__eep__=6&amp;__cft__[0]=AZXMQtg0XLSjQildcfMkCk3eI_02NmnCNcM8E7SjCUy7JN0M4kWn_GgSbh6ovIgYQTlkHmv7hMYSsLhm8qQKE0oIvaIXNgiKX9i--5x2MPY2qMcCS-CjtW3rBObovYpg06J4Ioc7_66E72aGzd9UTHRXDTrg1-31g6m5GMWJbilPv5SmNUkb1krYdrl9C3V7Mew&amp;__tn__=*NK-R\" target=\"_blank\" rel=\"noopener\">#AltaVerapaz<\/a><\/p>\n<p style=\"text-align: justify;\">Como parte de las funciones de la Direcci\u00f3n del \u00c1rea de Salud de Alta Verapaz, se llev\u00f3 a cabo la Inauguraci\u00f3n del Remozamiento del Puesto de Salud de la Aldea Santa Elena del municipio de San Crist\u00f3bal Verapaz.<\/p>\n<p style=\"text-align: justify;\">Se cont\u00f3 con la presencia de la Se\u00f1ora Gobernadora Departamental de Alta Verapaz Licda. Angela Alvarado Ten\u00ed, Director Departamental de Redes Integradas del Servicio de Salud de Alta Verapaz (<strong>DDRISSAV<\/strong>) Dr. Erickson Moran, Cocode de Aldea Santa Elena Se\u00f1or Augusto T\u00ed, Director <strong>CAIMI<\/strong> Dr. Ever Isaac Marcos y el Se\u00f1or Celso Gue Gua.<\/p>\n<p style=\"text-align: justify;\">Este remozamiento favorecer\u00e1 el acceso a la poblaci\u00f3n a los servicios de salud y el personal de salud contar\u00e1 con todo lo necesario para brindar una mejor atenci\u00f3n a la poblaci\u00f3n de San Crist\u00f3bal Verapaz.<\/p>\n<p style=\"text-align: justify;\"><a href=\"https:\/\/www.facebook.com\/hashtag\/elgobdelosguatemaltecos?__eep__=6&amp;__cft__[0]=AZXMQtg0XLSjQildcfMkCk3eI_02NmnCNcM8E7SjCUy7JN0M4kWn_GgSbh6ovIgYQTlkHmv7hMYSsLhm8qQKE0oIvaIXNgiKX9i--5x2MPY2qMcCS-CjtW3rBObovYpg06J4Ioc7_66E72aGzd9UTHRXDTrg1-31g6m5GMWJbilPv5SmNUkb1krYdrl9C3V7Mew&amp;__tn__=*NK-R\" target=\"_blank\" rel=\"noopener\">#ElGobDeLosGuatemaltecos<\/a><\/p>\n<div><\/div>\n","protected":false},"excerpt":{"rendered":"<p>#AltaVerapaz Como parte de las funciones de la Direcci\u00f3n del \u00c1rea de Salud de Alta Verapaz, se llev\u00f3 a cabo la Inauguraci\u00f3n del Remozamiento del Puesto de Salud de la Aldea Santa Elena del municipio de San Crist\u00f3bal Verapaz. Se cont\u00f3 con la presencia de la Se\u00f1ora Gobernadora Departamental de Alta Verapaz Licda. Angela Alvarado [&hellip;]<\/p>\n","protected":false},"author":1,"featured_media":17387,"comment_status":"closed","ping_status":"open","sticky":false,"template":"","format":"gallery","meta":[],"categories":[5],"tags":[178],"_links":{"self":[{"href":"https:\/\/gobernacionaltaverapaz.gob.gt\/index.php?rest_route=\/wp\/v2\/posts\/17386"}],"collection":[{"href":"https:\/\/gobernacionaltaverapaz.gob.gt\/index.php?rest_route=\/wp\/v2\/posts"}],"about":[{"href":"https:\/\/gobernacionaltaverapaz.gob.gt\/index.php?rest_route=\/wp\/v2\/types\/post"}],"author":[{"embeddable":true,"href":"https:\/\/gobernacionaltaverapaz.gob.gt\/index.php?rest_route=\/wp\/v2\/users\/1"}],"replies":[{"embeddable":true,"href":"https:\/\/gobernacionaltaverapaz.gob.gt\/index.php?rest_route=%2Fwp%2Fv2%2Fcomments&post=17386"}],"version-history":[{"count":3,"href":"https:\/\/gobernacionaltaverapaz.gob.gt\/index.php?rest_route=\/wp\/v2\/posts\/17386\/revisions"}],"predecessor-version":[{"id":17407,"href":"https:\/\/gobernacionaltaverapaz.gob.gt\/index.php?rest_route=\/wp\/v2\/posts\/17386\/revisions\/17407"}],"wp:featuredmedia":[{"embeddable":true,"href":"https:\/\/gobernacionaltaverapaz.gob.gt\/index.php?rest_route=\/wp\/v2\/media\/17387"}],"wp:attachment":[{"href":"https:\/\/gobernacionaltaverapaz.gob.gt\/index.php?rest_route=%2Fwp%2Fv2%2Fmedia&parent=17386"}],"wp:term":[{"taxonomy":"category","embeddable":true,"href":"https:\/\/gobernacionaltaverapaz.gob.gt\/index.php?rest_route=%2Fwp%2Fv2%2Fcategories&post=17386"},{"taxonomy":"post_tag","embeddable":true,"href":"https:\/\/gobernacionaltaverapaz.gob.gt\/index.php?rest_route=%2Fwp%2Fv2%2Ftags&post=17386"}],"curies":[{"name":"wp","href":"https:\/\/api.w.org\/{rel}","templated":true}]}}