{"id":17408,"date":"2023-10-31T17:27:38","date_gmt":"2023-10-31T23:27:38","guid":{"rendered":"https:\/\/gobernacionaltaverapaz.gob.gt\/?p=17408"},"modified":"2023-11-02T08:18:37","modified_gmt":"2023-11-02T14:18:37","slug":"reunion-del-centro-de-operaciones-de-emergencias-de-la-coordinadora-departamental-para-la-reduccion-de-desastres-de-alta-verapaz","status":"publish","type":"post","link":"https:\/\/gobernacionaltaverapaz.gob.gt\/?p=17408","title":{"rendered":"Reuni\u00f3n del Centro de Operaciones de Emergencias de la Coordinadora Departamental para la Reducci\u00f3n de Desastres de Alta Verapaz"},"content":{"rendered":"<p style=\"text-align: justify;\"><a href=\"https:\/\/www.facebook.com\/hashtag\/altaverapaz?__eep__=6&amp;__cft__[0]=AZVtYRoPWPTBbpXQO9E3_06gNZMwa3jBiywcAecjTTKj_1svDIv4bA1_AgVVl1fuZpwkX3y18U833Vv6jIHrojXCze6mM-Leoaq89No3KhtrfvJa-jfqAfFRzW8pw-S3mJmzTTciSI-PfFVUkQWRjTGm1ePWieyUqHZ92CIJup55_DfWCjaMYd8_DesgU9iM7s8&amp;__tn__=*NK-R\" target=\"_blank\" rel=\"noopener\">#AltaVerapaz<\/a><\/p>\n<p style=\"text-align: justify;\">El d\u00eda de hoy en las instalaciones del Palacio de Gobernaci\u00f3n Departamental de Alta Verapaz, se llev\u00f3 a cabo una Reuni\u00f3n del Centro de Operaciones de Emergencias de la Coordinadora Departamental para la Reducci\u00f3n de Desastres de Alta Verapaz. <strong>COED<\/strong>\/<strong>CODREDAV<\/strong>.<\/p>\n<p style=\"text-align: justify;\">Con el objetivo de dar a conocer las condiciones climatol\u00f3gicas actuales y consideraciones de coordinaci\u00f3n preventivas y de respuesta.<\/p>\n<p style=\"text-align: justify;\"><a href=\"https:\/\/www.facebook.com\/hashtag\/elgobdelosguatemaltecos?__eep__=6&amp;__cft__[0]=AZVtYRoPWPTBbpXQO9E3_06gNZMwa3jBiywcAecjTTKj_1svDIv4bA1_AgVVl1fuZpwkX3y18U833Vv6jIHrojXCze6mM-Leoaq89No3KhtrfvJa-jfqAfFRzW8pw-S3mJmzTTciSI-PfFVUkQWRjTGm1ePWieyUqHZ92CIJup55_DfWCjaMYd8_DesgU9iM7s8&amp;__tn__=*NK-R\" target=\"_blank\" rel=\"noopener\">#ElGobDeLosGuatemaltecos<\/a><\/p>\n<div><\/div>\n","protected":false},"excerpt":{"rendered":"<p>Con el objetivo de dar a conocer las condiciones climatol\u00f3gicas actuales y consideraciones de coordinaci\u00f3n preventivas y de respuesta.<\/p>\n","protected":false},"author":1,"featured_media":17413,"comment_status":"closed","ping_status":"open","sticky":false,"template":"","format":"gallery","meta":[],"categories":[197],"tags":[178],"_links":{"self":[{"href":"https:\/\/gobernacionaltaverapaz.gob.gt\/index.php?rest_route=\/wp\/v2\/posts\/17408"}],"collection":[{"href":"https:\/\/gobernacionaltaverapaz.gob.gt\/index.php?rest_route=\/wp\/v2\/posts"}],"about":[{"href":"https:\/\/gobernacionaltaverapaz.gob.gt\/index.php?rest_route=\/wp\/v2\/types\/post"}],"author":[{"embeddable":true,"href":"https:\/\/gobernacionaltaverapaz.gob.gt\/index.php?rest_route=\/wp\/v2\/users\/1"}],"replies":[{"embeddable":true,"href":"https:\/\/gobernacionaltaverapaz.gob.gt\/index.php?rest_route=%2Fwp%2Fv2%2Fcomments&post=17408"}],"version-history":[{"count":3,"href":"https:\/\/gobernacionaltaverapaz.gob.gt\/index.php?rest_route=\/wp\/v2\/posts\/17408\/revisions"}],"predecessor-version":[{"id":17420,"href":"https:\/\/gobernacionaltaverapaz.gob.gt\/index.php?rest_route=\/wp\/v2\/posts\/17408\/revisions\/17420"}],"wp:featuredmedia":[{"embeddable":true,"href":"https:\/\/gobernacionaltaverapaz.gob.gt\/index.php?rest_route=\/wp\/v2\/media\/17413"}],"wp:attachment":[{"href":"https:\/\/gobernacionaltaverapaz.gob.gt\/index.php?rest_route=%2Fwp%2Fv2%2Fmedia&parent=17408"}],"wp:term":[{"taxonomy":"category","embeddable":true,"href":"https:\/\/gobernacionaltaverapaz.gob.gt\/index.php?rest_route=%2Fwp%2Fv2%2Fcategories&post=17408"},{"taxonomy":"post_tag","embeddable":true,"href":"https:\/\/gobernacionaltaverapaz.gob.gt\/index.php?rest_route=%2Fwp%2Fv2%2Ftags&post=17408"}],"curies":[{"name":"wp","href":"https:\/\/api.w.org\/{rel}","templated":true}]}}