{"id":17421,"date":"2023-11-03T15:45:05","date_gmt":"2023-11-03T21:45:05","guid":{"rendered":"https:\/\/gobernacionaltaverapaz.gob.gt\/?p=17421"},"modified":"2023-11-03T16:29:06","modified_gmt":"2023-11-03T22:29:06","slug":"celebracion-del-dia-de-todos-los-santos-y-fieles-difuntos","status":"publish","type":"post","link":"https:\/\/gobernacionaltaverapaz.gob.gt\/?p=17421","title":{"rendered":"Celebraci\u00f3n del D\u00eda de todos los Santos y Fieles Difuntos"},"content":{"rendered":"<p style=\"text-align: justify;\"><a href=\"https:\/\/www.facebook.com\/hashtag\/altaverapaz?__eep__=6&amp;__cft__[0]=AZWKNsxJfRbHar5QRMi_U8tFhpuoFLfD5nrJKVoGuPg49oGYuq6AGP9FUB7bEoEPRS2mMV7UdnQTgqjeyerEB4COf6_iJUk1SrNpTNBGWXZQZa48Ni5XHotfrv0oAfDnsZ2jIU2ZdOi9TUboPE3QF4Fsu4vp60yAy05gxdDQgD8IiEAa11bgNhYiMrssBjG1s0A&amp;__tn__=*NK-R\" target=\"_blank\" rel=\"noopener\">#AltaVerapaz<\/a><\/p>\n<p style=\"text-align: justify;\">El d\u00eda de hoy La Sra. Gobernadora Departamental de Alta Verapaz. Licda. Angela Yelitza Alvarado Ten\u00ed, particip\u00f3 en la Celebraci\u00f3n del D\u00eda de todos los Santos y Fieles Difuntos, organizado por la Secretar\u00eda de Obras Sociales de la Esposa del Presidente &#8211;<strong>SOSEP<\/strong>-, compartiendo un momento ameno con abuelitos del Programa Mis A\u00f1os Dorados.<\/p>\n<div><\/div>\n","protected":false},"excerpt":{"rendered":"<p>#AltaVerapaz El d\u00eda de hoy La Sra. Gobernadora Departamental de Alta Verapaz. Licda. Angela Yelitza Alvarado Ten\u00ed, particip\u00f3 en la Celebraci\u00f3n del D\u00eda de todos los Santos y Fieles Difuntos, organizado por la Secretar\u00eda de Obras Sociales de la Esposa del Presidente &#8211;SOSEP-, compartiendo un momento ameno con abuelitos del Programa Mis A\u00f1os Dorados.<\/p>\n","protected":false},"author":1,"featured_media":17424,"comment_status":"closed","ping_status":"open","sticky":false,"template":"","format":"gallery","meta":[],"categories":[183],"tags":[178],"_links":{"self":[{"href":"https:\/\/gobernacionaltaverapaz.gob.gt\/index.php?rest_route=\/wp\/v2\/posts\/17421"}],"collection":[{"href":"https:\/\/gobernacionaltaverapaz.gob.gt\/index.php?rest_route=\/wp\/v2\/posts"}],"about":[{"href":"https:\/\/gobernacionaltaverapaz.gob.gt\/index.php?rest_route=\/wp\/v2\/types\/post"}],"author":[{"embeddable":true,"href":"https:\/\/gobernacionaltaverapaz.gob.gt\/index.php?rest_route=\/wp\/v2\/users\/1"}],"replies":[{"embeddable":true,"href":"https:\/\/gobernacionaltaverapaz.gob.gt\/index.php?rest_route=%2Fwp%2Fv2%2Fcomments&post=17421"}],"version-history":[{"count":3,"href":"https:\/\/gobernacionaltaverapaz.gob.gt\/index.php?rest_route=\/wp\/v2\/posts\/17421\/revisions"}],"predecessor-version":[{"id":17436,"href":"https:\/\/gobernacionaltaverapaz.gob.gt\/index.php?rest_route=\/wp\/v2\/posts\/17421\/revisions\/17436"}],"wp:featuredmedia":[{"embeddable":true,"href":"https:\/\/gobernacionaltaverapaz.gob.gt\/index.php?rest_route=\/wp\/v2\/media\/17424"}],"wp:attachment":[{"href":"https:\/\/gobernacionaltaverapaz.gob.gt\/index.php?rest_route=%2Fwp%2Fv2%2Fmedia&parent=17421"}],"wp:term":[{"taxonomy":"category","embeddable":true,"href":"https:\/\/gobernacionaltaverapaz.gob.gt\/index.php?rest_route=%2Fwp%2Fv2%2Fcategories&post=17421"},{"taxonomy":"post_tag","embeddable":true,"href":"https:\/\/gobernacionaltaverapaz.gob.gt\/index.php?rest_route=%2Fwp%2Fv2%2Ftags&post=17421"}],"curies":[{"name":"wp","href":"https:\/\/api.w.org\/{rel}","templated":true}]}}