{"id":17447,"date":"2023-11-06T18:04:58","date_gmt":"2023-11-07T00:04:58","guid":{"rendered":"https:\/\/gobernacionaltaverapaz.gob.gt\/?p=17447"},"modified":"2023-11-07T09:54:56","modified_gmt":"2023-11-07T15:54:56","slug":"reunion-del-centro-de-operaciones-de-emergencias-de-la-coordinadora-departamental-para-la-reduccion-de-desastres-de-alta-verapaz-2","status":"publish","type":"post","link":"https:\/\/gobernacionaltaverapaz.gob.gt\/?p=17447","title":{"rendered":"Reuni\u00f3n del Centro de Operaciones de Emergencias de la Coordinadora Departamental para la Reducci\u00f3n de Desastres de Alta Verapaz"},"content":{"rendered":"<p style=\"text-align: justify;\"><a href=\"https:\/\/www.facebook.com\/hashtag\/altaverapaz?__eep__=6&amp;__cft__[0]=AZVb7XbKjE42bJYj-JVqlzpG6c4StqsXXRPcyEbOYmID9Sq7Amii9gSP4X--934jkYJ8dOgHD4A8ZmqiF3rLd_V4f1XiqL3h_fNbAsi3anIdqUtxnCqcoXOXbCPsqWDlgrYyWgU8cW0BIOYhvgmTG1Pt3uDaEIJ6-g2dOw6639zynpCeDgKibdsd-e3Y0P_NnxU&amp;__tn__=*NK-R\" target=\"_blank\" rel=\"noopener\">#AltaVerapaz<\/a><\/p>\n<p style=\"text-align: justify;\">Debido a las condiciones climatol\u00f3gicas, se llev\u00f3 a cabo la reuni\u00f3n del Centro de Operaciones de Emergencias de la Coordinadora Departamental para la Reducci\u00f3n de Desastres de Alta Verapaz.<\/p>\n<p style=\"text-align: justify;\">Con el objetivo de llevar el monitoreo correspondiente y la coordinaci\u00f3n preventiva de respuesta.<\/p>\n<p style=\"text-align: justify;\"><a href=\"https:\/\/www.facebook.com\/hashtag\/elgobdelosguatemaltecos?__eep__=6&amp;__cft__[0]=AZVb7XbKjE42bJYj-JVqlzpG6c4StqsXXRPcyEbOYmID9Sq7Amii9gSP4X--934jkYJ8dOgHD4A8ZmqiF3rLd_V4f1XiqL3h_fNbAsi3anIdqUtxnCqcoXOXbCPsqWDlgrYyWgU8cW0BIOYhvgmTG1Pt3uDaEIJ6-g2dOw6639zynpCeDgKibdsd-e3Y0P_NnxU&amp;__tn__=*NK-R\" target=\"_blank\" rel=\"noopener\">#ElGobDeLosGuatemaltecos<\/a><\/p>\n<div><\/div>\n","protected":false},"excerpt":{"rendered":"<p>Con el objetivo de llevar el monitoreo correspondiente y la coordinaci\u00f3n preventiva de respuesta.<\/p>\n","protected":false},"author":1,"featured_media":17454,"comment_status":"closed","ping_status":"open","sticky":false,"template":"","format":"gallery","meta":[],"categories":[197],"tags":[178],"_links":{"self":[{"href":"https:\/\/gobernacionaltaverapaz.gob.gt\/index.php?rest_route=\/wp\/v2\/posts\/17447"}],"collection":[{"href":"https:\/\/gobernacionaltaverapaz.gob.gt\/index.php?rest_route=\/wp\/v2\/posts"}],"about":[{"href":"https:\/\/gobernacionaltaverapaz.gob.gt\/index.php?rest_route=\/wp\/v2\/types\/post"}],"author":[{"embeddable":true,"href":"https:\/\/gobernacionaltaverapaz.gob.gt\/index.php?rest_route=\/wp\/v2\/users\/1"}],"replies":[{"embeddable":true,"href":"https:\/\/gobernacionaltaverapaz.gob.gt\/index.php?rest_route=%2Fwp%2Fv2%2Fcomments&post=17447"}],"version-history":[{"count":2,"href":"https:\/\/gobernacionaltaverapaz.gob.gt\/index.php?rest_route=\/wp\/v2\/posts\/17447\/revisions"}],"predecessor-version":[{"id":17456,"href":"https:\/\/gobernacionaltaverapaz.gob.gt\/index.php?rest_route=\/wp\/v2\/posts\/17447\/revisions\/17456"}],"wp:featuredmedia":[{"embeddable":true,"href":"https:\/\/gobernacionaltaverapaz.gob.gt\/index.php?rest_route=\/wp\/v2\/media\/17454"}],"wp:attachment":[{"href":"https:\/\/gobernacionaltaverapaz.gob.gt\/index.php?rest_route=%2Fwp%2Fv2%2Fmedia&parent=17447"}],"wp:term":[{"taxonomy":"category","embeddable":true,"href":"https:\/\/gobernacionaltaverapaz.gob.gt\/index.php?rest_route=%2Fwp%2Fv2%2Fcategories&post=17447"},{"taxonomy":"post_tag","embeddable":true,"href":"https:\/\/gobernacionaltaverapaz.gob.gt\/index.php?rest_route=%2Fwp%2Fv2%2Ftags&post=17447"}],"curies":[{"name":"wp","href":"https:\/\/api.w.org\/{rel}","templated":true}]}}