{"id":17463,"date":"2023-11-07T15:04:57","date_gmt":"2023-11-07T21:04:57","guid":{"rendered":"https:\/\/gobernacionaltaverapaz.gob.gt\/?p=17463"},"modified":"2023-11-08T14:20:35","modified_gmt":"2023-11-08T20:20:35","slug":"entrega-oficial-de-las-politicas-municipales","status":"publish","type":"post","link":"https:\/\/gobernacionaltaverapaz.gob.gt\/?p=17463","title":{"rendered":"Entrega oficial de las Pol\u00edticas Municipales"},"content":{"rendered":"<p style=\"text-align: justify;\"><a href=\"https:\/\/www.facebook.com\/hashtag\/altaverapaz?__eep__=6&amp;__cft__[0]=AZWpp77dPoM1Cxygn6ZA8DUVk6d7Nb-viqhRL9ZufPgb7r9tuRr48-6tTbwctJgsVJie1wCW9EQrhZe8--3HfQSWn3NirkSI6FxpK6wfC8-ljHHZITCVfGUCjF2eJccesKTk5Sv5XAYmkrpbY-cxVD0DFSW2zJ10lLM2gEJTF7NG6MvdsHc1K2AVebY3WhqwvUs&amp;__tn__=*NK-R\" target=\"_blank\" rel=\"noopener\">#AltaVerapaz<\/a><\/p>\n<p style=\"text-align: justify;\">El d\u00eda de hoy la Se\u00f1ora Gobernadora Departamental de Alta Verapaz. Licda. Angela Alvarado particip\u00f3 en la Entrega oficial de las Pol\u00edticas Municipales para el mejoramiento de la generaci\u00f3n de ingresos propios, organizado por el Instituto Nacional de Administraci\u00f3n P\u00fablica \u2013<strong>INAP<\/strong>&#8211; .<\/p>\n<p style=\"text-align: justify;\"><a href=\"https:\/\/www.facebook.com\/hashtag\/elgobdelosguatemaltecos?__eep__=6&amp;__cft__[0]=AZWpp77dPoM1Cxygn6ZA8DUVk6d7Nb-viqhRL9ZufPgb7r9tuRr48-6tTbwctJgsVJie1wCW9EQrhZe8--3HfQSWn3NirkSI6FxpK6wfC8-ljHHZITCVfGUCjF2eJccesKTk5Sv5XAYmkrpbY-cxVD0DFSW2zJ10lLM2gEJTF7NG6MvdsHc1K2AVebY3WhqwvUs&amp;__tn__=*NK-R\" target=\"_blank\" rel=\"noopener\">#ElGobDeLosGuatemaltecos<\/a><\/p>\n<div><\/div>\n","protected":false},"excerpt":{"rendered":"<p>#AltaVerapaz El d\u00eda de hoy la Se\u00f1ora Gobernadora Departamental de Alta Verapaz. Licda. Angela Alvarado particip\u00f3 en la Entrega oficial de las Pol\u00edticas Municipales para el mejoramiento de la generaci\u00f3n de ingresos propios, organizado por el Instituto Nacional de Administraci\u00f3n P\u00fablica \u2013INAP&#8211; . #ElGobDeLosGuatemaltecos<\/p>\n","protected":false},"author":1,"featured_media":17473,"comment_status":"closed","ping_status":"open","sticky":false,"template":"","format":"gallery","meta":[],"categories":[183],"tags":[178],"_links":{"self":[{"href":"https:\/\/gobernacionaltaverapaz.gob.gt\/index.php?rest_route=\/wp\/v2\/posts\/17463"}],"collection":[{"href":"https:\/\/gobernacionaltaverapaz.gob.gt\/index.php?rest_route=\/wp\/v2\/posts"}],"about":[{"href":"https:\/\/gobernacionaltaverapaz.gob.gt\/index.php?rest_route=\/wp\/v2\/types\/post"}],"author":[{"embeddable":true,"href":"https:\/\/gobernacionaltaverapaz.gob.gt\/index.php?rest_route=\/wp\/v2\/users\/1"}],"replies":[{"embeddable":true,"href":"https:\/\/gobernacionaltaverapaz.gob.gt\/index.php?rest_route=%2Fwp%2Fv2%2Fcomments&post=17463"}],"version-history":[{"count":2,"href":"https:\/\/gobernacionaltaverapaz.gob.gt\/index.php?rest_route=\/wp\/v2\/posts\/17463\/revisions"}],"predecessor-version":[{"id":17477,"href":"https:\/\/gobernacionaltaverapaz.gob.gt\/index.php?rest_route=\/wp\/v2\/posts\/17463\/revisions\/17477"}],"wp:featuredmedia":[{"embeddable":true,"href":"https:\/\/gobernacionaltaverapaz.gob.gt\/index.php?rest_route=\/wp\/v2\/media\/17473"}],"wp:attachment":[{"href":"https:\/\/gobernacionaltaverapaz.gob.gt\/index.php?rest_route=%2Fwp%2Fv2%2Fmedia&parent=17463"}],"wp:term":[{"taxonomy":"category","embeddable":true,"href":"https:\/\/gobernacionaltaverapaz.gob.gt\/index.php?rest_route=%2Fwp%2Fv2%2Fcategories&post=17463"},{"taxonomy":"post_tag","embeddable":true,"href":"https:\/\/gobernacionaltaverapaz.gob.gt\/index.php?rest_route=%2Fwp%2Fv2%2Ftags&post=17463"}],"curies":[{"name":"wp","href":"https:\/\/api.w.org\/{rel}","templated":true}]}}