{"id":17490,"date":"2023-11-09T17:46:36","date_gmt":"2023-11-09T23:46:36","guid":{"rendered":"https:\/\/gobernacionaltaverapaz.gob.gt\/?p=17490"},"modified":"2023-11-10T09:42:33","modified_gmt":"2023-11-10T15:42:33","slug":"diplomado-de-guardianes-ecologicos-en-el-municipio-de-coban","status":"publish","type":"post","link":"https:\/\/gobernacionaltaverapaz.gob.gt\/?p=17490","title":{"rendered":"Diplomado de Guardianes Ecol\u00f3gicos en el Municipio de Cob\u00e1n"},"content":{"rendered":"<p style=\"text-align: justify;\"><a href=\"https:\/\/www.facebook.com\/hashtag\/altaverapaz?__eep__=6&amp;__cft__[0]=AZWnlIRdBNBrB9brW5wGoD2K1z4jnPJA1ZBY7XsdfMJOQsLSaBL6MZFyHXKeIIXxVVH-DZ0J3674dOiQAbKM_f5PDGlEbUNMWGTy6-Watasq-qVHwrsqS-c78nsWkzALlf-Y2xpNbH3Yp_UQmPOHva_7xzL4U2Op5XtaHFyLxj6nNW2ewedO3lrWSyge9NrJRCc&amp;__tn__=*NK-R\" target=\"_blank\" rel=\"noopener\">#AltaVerapaz<\/a><\/p>\n<p style=\"text-align: justify;\">La Delegaci\u00f3n Departamental de Alta Verapaz del Ministerio de Ambiente y Recursos Naturales <a href=\"https:\/\/www.facebook.com\/marnguate?__cft__[0]=AZWnlIRdBNBrB9brW5wGoD2K1z4jnPJA1ZBY7XsdfMJOQsLSaBL6MZFyHXKeIIXxVVH-DZ0J3674dOiQAbKM_f5PDGlEbUNMWGTy6-Watasq-qVHwrsqS-c78nsWkzALlf-Y2xpNbH3Yp_UQmPOHva_7xzL4U2Op5XtaHFyLxj6nNW2ewedO3lrWSyge9NrJRCc&amp;__tn__=-]K-R\" target=\"_blank\" rel=\"noopener\">MARN<\/a>, realiz\u00f3 la Clausura del Diplomado de Guardianes Ecol\u00f3gicos en el Municipio de Cob\u00e1n en las Escuelas Salvador de Oliva y Ricardo Anderson con aproximadamente \u00a0400 alumnos, actividades que promueven la educaci\u00f3n ambiental y cuidado a la naturaleza.<\/p>\n<p style=\"text-align: justify;\"><a href=\"https:\/\/www.facebook.com\/hashtag\/accionesquetransforman?__eep__=6&amp;__cft__[0]=AZWnlIRdBNBrB9brW5wGoD2K1z4jnPJA1ZBY7XsdfMJOQsLSaBL6MZFyHXKeIIXxVVH-DZ0J3674dOiQAbKM_f5PDGlEbUNMWGTy6-Watasq-qVHwrsqS-c78nsWkzALlf-Y2xpNbH3Yp_UQmPOHva_7xzL4U2Op5XtaHFyLxj6nNW2ewedO3lrWSyge9NrJRCc&amp;__tn__=*NK-R\" target=\"_blank\" rel=\"noopener\">#AccionesQueTransforman<\/a><\/p>\n<p><img decoding=\"async\" loading=\"lazy\" class=\"alignnone size-full wp-image-17491\" src=\"https:\/\/gobernacionaltaverapaz.gob.gt\/wp-content\/uploads\/2023\/11\/001-8.jpg\" alt=\"\" width=\"900\" height=\"690\" srcset=\"https:\/\/gobernacionaltaverapaz.gob.gt\/wp-content\/uploads\/2023\/11\/001-8.jpg 900w, https:\/\/gobernacionaltaverapaz.gob.gt\/wp-content\/uploads\/2023\/11\/001-8-300x230.jpg 300w, https:\/\/gobernacionaltaverapaz.gob.gt\/wp-content\/uploads\/2023\/11\/001-8-768x589.jpg 768w\" sizes=\"(max-width: 900px) 100vw, 900px\" \/> <img decoding=\"async\" loading=\"lazy\" class=\"alignnone size-full wp-image-17492\" src=\"https:\/\/gobernacionaltaverapaz.gob.gt\/wp-content\/uploads\/2023\/11\/002-7.jpg\" alt=\"\" width=\"900\" height=\"747\" srcset=\"https:\/\/gobernacionaltaverapaz.gob.gt\/wp-content\/uploads\/2023\/11\/002-7.jpg 900w, https:\/\/gobernacionaltaverapaz.gob.gt\/wp-content\/uploads\/2023\/11\/002-7-300x249.jpg 300w, https:\/\/gobernacionaltaverapaz.gob.gt\/wp-content\/uploads\/2023\/11\/002-7-768x637.jpg 768w\" sizes=\"(max-width: 900px) 100vw, 900px\" \/><\/p>\n","protected":false},"excerpt":{"rendered":"<p>#AltaVerapaz La Delegaci\u00f3n Departamental de Alta Verapaz del Ministerio de Ambiente y Recursos Naturales MARN, realiz\u00f3 la Clausura del Diplomado de Guardianes Ecol\u00f3gicos en el Municipio de Cob\u00e1n en las Escuelas Salvador de Oliva y Ricardo Anderson con aproximadamente \u00a0400 alumnos, actividades que promueven la educaci\u00f3n ambiental y cuidado a la naturaleza. #AccionesQueTransforman<\/p>\n","protected":false},"author":1,"featured_media":17493,"comment_status":"closed","ping_status":"open","sticky":false,"template":"","format":"standard","meta":[],"categories":[6],"tags":[178],"_links":{"self":[{"href":"https:\/\/gobernacionaltaverapaz.gob.gt\/index.php?rest_route=\/wp\/v2\/posts\/17490"}],"collection":[{"href":"https:\/\/gobernacionaltaverapaz.gob.gt\/index.php?rest_route=\/wp\/v2\/posts"}],"about":[{"href":"https:\/\/gobernacionaltaverapaz.gob.gt\/index.php?rest_route=\/wp\/v2\/types\/post"}],"author":[{"embeddable":true,"href":"https:\/\/gobernacionaltaverapaz.gob.gt\/index.php?rest_route=\/wp\/v2\/users\/1"}],"replies":[{"embeddable":true,"href":"https:\/\/gobernacionaltaverapaz.gob.gt\/index.php?rest_route=%2Fwp%2Fv2%2Fcomments&post=17490"}],"version-history":[{"count":3,"href":"https:\/\/gobernacionaltaverapaz.gob.gt\/index.php?rest_route=\/wp\/v2\/posts\/17490\/revisions"}],"predecessor-version":[{"id":17496,"href":"https:\/\/gobernacionaltaverapaz.gob.gt\/index.php?rest_route=\/wp\/v2\/posts\/17490\/revisions\/17496"}],"wp:featuredmedia":[{"embeddable":true,"href":"https:\/\/gobernacionaltaverapaz.gob.gt\/index.php?rest_route=\/wp\/v2\/media\/17493"}],"wp:attachment":[{"href":"https:\/\/gobernacionaltaverapaz.gob.gt\/index.php?rest_route=%2Fwp%2Fv2%2Fmedia&parent=17490"}],"wp:term":[{"taxonomy":"category","embeddable":true,"href":"https:\/\/gobernacionaltaverapaz.gob.gt\/index.php?rest_route=%2Fwp%2Fv2%2Fcategories&post=17490"},{"taxonomy":"post_tag","embeddable":true,"href":"https:\/\/gobernacionaltaverapaz.gob.gt\/index.php?rest_route=%2Fwp%2Fv2%2Ftags&post=17490"}],"curies":[{"name":"wp","href":"https:\/\/api.w.org\/{rel}","templated":true}]}}