{"id":17497,"date":"2023-11-10T19:17:56","date_gmt":"2023-11-11T01:17:56","guid":{"rendered":"https:\/\/gobernacionaltaverapaz.gob.gt\/?p=17497"},"modified":"2023-11-13T16:34:39","modified_gmt":"2023-11-13T22:34:39","slug":"evento-regional-de-promocion-de-medicina-tradicional-y-salud-nutricional","status":"publish","type":"post","link":"https:\/\/gobernacionaltaverapaz.gob.gt\/?p=17497","title":{"rendered":"Evento Regional de Promoci\u00f3n de Medicina Tradicional y Salud Nutricional"},"content":{"rendered":"<p style=\"text-align: justify;\"><a href=\"https:\/\/www.facebook.com\/hashtag\/altaverapaz?__eep__=6&amp;__cft__[0]=AZULZIhp4P-qY9jS43mjPj3igZ5UlGbCH5bitJOYE51BAueqDX5yxVz5iEo-y0ZvzPYxN7erdcNY9fMW5SW8X2-2KU6RqhImHjAlJMtttcAZSfEZU1v2cKXD6h5hHd2fR0DL-J5WoSufpOHKL4Hxa3l0q1VqGYDnPlYMmGFCQMoq-RaD4KQ-GPgjLt_S_I0PAZY&amp;__tn__=*NK-R\" target=\"_blank\" rel=\"noopener\">#AltaVerapaz<\/a><\/p>\n<p style=\"text-align: justify;\">El d\u00eda de hoy en el Parque Central La Paz, se llev\u00f3 a cabo el Evento Regional de Promoci\u00f3n de Medicina Tradicional y Salud Nutricional: Conocimientos y Saberes de Comadronas Plantas Medicinales y Nutritivas<\/p>\n<p style=\"text-align: justify;\"><a href=\"https:\/\/www.facebook.com\/hashtag\/elgobdelosguatemaltecos?__eep__=6&amp;__cft__[0]=AZULZIhp4P-qY9jS43mjPj3igZ5UlGbCH5bitJOYE51BAueqDX5yxVz5iEo-y0ZvzPYxN7erdcNY9fMW5SW8X2-2KU6RqhImHjAlJMtttcAZSfEZU1v2cKXD6h5hHd2fR0DL-J5WoSufpOHKL4Hxa3l0q1VqGYDnPlYMmGFCQMoq-RaD4KQ-GPgjLt_S_I0PAZY&amp;__tn__=*NK-R\" target=\"_blank\" rel=\"noopener\">#ElGobDeLosGuatemaltecos<\/a><\/p>\n<div><\/div>\n","protected":false},"excerpt":{"rendered":"<p>#AltaVerapaz El d\u00eda de hoy en el Parque Central La Paz, se llev\u00f3 a cabo el Evento Regional de Promoci\u00f3n de Medicina Tradicional y Salud Nutricional: Conocimientos y Saberes de Comadronas Plantas Medicinales y Nutritivas #ElGobDeLosGuatemaltecos<\/p>\n","protected":false},"author":1,"featured_media":17516,"comment_status":"closed","ping_status":"open","sticky":false,"template":"","format":"gallery","meta":[],"categories":[5],"tags":[178],"_links":{"self":[{"href":"https:\/\/gobernacionaltaverapaz.gob.gt\/index.php?rest_route=\/wp\/v2\/posts\/17497"}],"collection":[{"href":"https:\/\/gobernacionaltaverapaz.gob.gt\/index.php?rest_route=\/wp\/v2\/posts"}],"about":[{"href":"https:\/\/gobernacionaltaverapaz.gob.gt\/index.php?rest_route=\/wp\/v2\/types\/post"}],"author":[{"embeddable":true,"href":"https:\/\/gobernacionaltaverapaz.gob.gt\/index.php?rest_route=\/wp\/v2\/users\/1"}],"replies":[{"embeddable":true,"href":"https:\/\/gobernacionaltaverapaz.gob.gt\/index.php?rest_route=%2Fwp%2Fv2%2Fcomments&post=17497"}],"version-history":[{"count":2,"href":"https:\/\/gobernacionaltaverapaz.gob.gt\/index.php?rest_route=\/wp\/v2\/posts\/17497\/revisions"}],"predecessor-version":[{"id":17518,"href":"https:\/\/gobernacionaltaverapaz.gob.gt\/index.php?rest_route=\/wp\/v2\/posts\/17497\/revisions\/17518"}],"wp:featuredmedia":[{"embeddable":true,"href":"https:\/\/gobernacionaltaverapaz.gob.gt\/index.php?rest_route=\/wp\/v2\/media\/17516"}],"wp:attachment":[{"href":"https:\/\/gobernacionaltaverapaz.gob.gt\/index.php?rest_route=%2Fwp%2Fv2%2Fmedia&parent=17497"}],"wp:term":[{"taxonomy":"category","embeddable":true,"href":"https:\/\/gobernacionaltaverapaz.gob.gt\/index.php?rest_route=%2Fwp%2Fv2%2Fcategories&post=17497"},{"taxonomy":"post_tag","embeddable":true,"href":"https:\/\/gobernacionaltaverapaz.gob.gt\/index.php?rest_route=%2Fwp%2Fv2%2Ftags&post=17497"}],"curies":[{"name":"wp","href":"https:\/\/api.w.org\/{rel}","templated":true}]}}