{"id":17519,"date":"2023-11-10T19:24:44","date_gmt":"2023-11-11T01:24:44","guid":{"rendered":"https:\/\/gobernacionaltaverapaz.gob.gt\/?p=17519"},"modified":"2023-11-13T16:44:21","modified_gmt":"2023-11-13T22:44:21","slug":"reunion-para-la-organizacion-interinstitucional-con-integrantes-del-coe","status":"publish","type":"post","link":"https:\/\/gobernacionaltaverapaz.gob.gt\/?p=17519","title":{"rendered":"Reuni\u00f3n para la organizaci\u00f3n interinstitucional con integrantes del COE"},"content":{"rendered":"<p style=\"text-align: justify;\"><a href=\"https:\/\/www.facebook.com\/hashtag\/altaverapaz?__eep__=6&amp;__cft__[0]=AZXBNk83dfoRSXDG6vGEr-CO6U4wYxsbZhNXPv96UnQH-JWE3s4nCE2WYfbvuKlQApbJgXYCITd4PPzqEHqzcYi6BIYoEo74sgEZ6cukUDm6FjaoTTu_giv-HMy6zJ2qvGim0PPjNNzyc8ixtplez0E4W7cflwe_QwbrcXhyxY7NPkfdmJmGAE_ACRbNyhnvL0Y&amp;__tn__=*NK-R\" target=\"_blank\" rel=\"noopener\">#AltaVerapaz<\/a><\/p>\n<p style=\"text-align: justify;\">La Se\u00f1ora Gobernadora Departamental de Alta Verapaz. Licda. Angela Yelitza Alvarado Ten\u00ed, en calidad de Directora de la <strong>CODRED<\/strong>, llev\u00f3 a cabo una reuni\u00f3n para la organizaci\u00f3n interinstitucional con integrantes del <strong>COE<\/strong>, con el objetivo de coordinar acciones necesarias para la atenci\u00f3n inmediata a familias damnificadas por las lluvias en el departamento de Alta Verapaz.<\/p>\n<p style=\"text-align: justify;\"><a href=\"https:\/\/www.facebook.com\/hashtag\/elgobdelosguatemaltecos?__eep__=6&amp;__cft__[0]=AZXBNk83dfoRSXDG6vGEr-CO6U4wYxsbZhNXPv96UnQH-JWE3s4nCE2WYfbvuKlQApbJgXYCITd4PPzqEHqzcYi6BIYoEo74sgEZ6cukUDm6FjaoTTu_giv-HMy6zJ2qvGim0PPjNNzyc8ixtplez0E4W7cflwe_QwbrcXhyxY7NPkfdmJmGAE_ACRbNyhnvL0Y&amp;__tn__=*NK-R\" target=\"_blank\" rel=\"noopener\">#ElGobDeLosGuatemaltecos<\/a><\/p>\n<div><\/div>\n","protected":false},"excerpt":{"rendered":"<p>con el objetivo de coordinar acciones necesarias para la atenci\u00f3n inmediata a familias damnificadas por las lluvias en el departamento de Alta Verapaz.<\/p>\n","protected":false},"author":1,"featured_media":17520,"comment_status":"closed","ping_status":"open","sticky":false,"template":"","format":"gallery","meta":[],"categories":[197],"tags":[178],"_links":{"self":[{"href":"https:\/\/gobernacionaltaverapaz.gob.gt\/index.php?rest_route=\/wp\/v2\/posts\/17519"}],"collection":[{"href":"https:\/\/gobernacionaltaverapaz.gob.gt\/index.php?rest_route=\/wp\/v2\/posts"}],"about":[{"href":"https:\/\/gobernacionaltaverapaz.gob.gt\/index.php?rest_route=\/wp\/v2\/types\/post"}],"author":[{"embeddable":true,"href":"https:\/\/gobernacionaltaverapaz.gob.gt\/index.php?rest_route=\/wp\/v2\/users\/1"}],"replies":[{"embeddable":true,"href":"https:\/\/gobernacionaltaverapaz.gob.gt\/index.php?rest_route=%2Fwp%2Fv2%2Fcomments&post=17519"}],"version-history":[{"count":4,"href":"https:\/\/gobernacionaltaverapaz.gob.gt\/index.php?rest_route=\/wp\/v2\/posts\/17519\/revisions"}],"predecessor-version":[{"id":17528,"href":"https:\/\/gobernacionaltaverapaz.gob.gt\/index.php?rest_route=\/wp\/v2\/posts\/17519\/revisions\/17528"}],"wp:featuredmedia":[{"embeddable":true,"href":"https:\/\/gobernacionaltaverapaz.gob.gt\/index.php?rest_route=\/wp\/v2\/media\/17520"}],"wp:attachment":[{"href":"https:\/\/gobernacionaltaverapaz.gob.gt\/index.php?rest_route=%2Fwp%2Fv2%2Fmedia&parent=17519"}],"wp:term":[{"taxonomy":"category","embeddable":true,"href":"https:\/\/gobernacionaltaverapaz.gob.gt\/index.php?rest_route=%2Fwp%2Fv2%2Fcategories&post=17519"},{"taxonomy":"post_tag","embeddable":true,"href":"https:\/\/gobernacionaltaverapaz.gob.gt\/index.php?rest_route=%2Fwp%2Fv2%2Ftags&post=17519"}],"curies":[{"name":"wp","href":"https:\/\/api.w.org\/{rel}","templated":true}]}}