{"id":17529,"date":"2023-11-13T13:00:27","date_gmt":"2023-11-13T19:00:27","guid":{"rendered":"https:\/\/gobernacionaltaverapaz.gob.gt\/?p=17529"},"modified":"2023-11-13T16:59:35","modified_gmt":"2023-11-13T22:59:35","slug":"capacitan-a-veteranos-militares-del-departamento-en-cumplimiento-al-programa-del-decreto-51-2022-ley-de-desarrollo-integral-temporal","status":"publish","type":"post","link":"https:\/\/gobernacionaltaverapaz.gob.gt\/?p=17529","title":{"rendered":"Capacitan a Veteranos Militares del departamento programa del decreto 51-2022 Ley de Desarrollo Integral Temporal"},"content":{"rendered":"<p style=\"text-align: justify;\"><a href=\"https:\/\/www.facebook.com\/hashtag\/altaverapaz?__eep__=6&amp;__cft__[0]=AZV8LPOtGOTvM_9-E3_J9WMJ3RFfmPlVo3flASdHhJGGY0bq4J_O2X8ltM11uNt6BWvy3UsXOvl0Za4f3oqXrFRh_8l_GLKBJHUMN0-tXW6_fcHw9NSw9kGWEFGR9kxyCDrACz37yDVhM1eIDyH49DBf8biKx7wh7KUOfQmwsNGVID6Lz3tjqYg5jfz2jj0vEgs&amp;__tn__=*NK-R\" target=\"_blank\" rel=\"noopener\">#AltaVerapaz<\/a><\/p>\n<p style=\"text-align: justify;\"><a href=\"https:\/\/www.facebook.com\/marnguate?__cft__[0]=AZV8LPOtGOTvM_9-E3_J9WMJ3RFfmPlVo3flASdHhJGGY0bq4J_O2X8ltM11uNt6BWvy3UsXOvl0Za4f3oqXrFRh_8l_GLKBJHUMN0-tXW6_fcHw9NSw9kGWEFGR9kxyCDrACz37yDVhM1eIDyH49DBf8biKx7wh7KUOfQmwsNGVID6Lz3tjqYg5jfz2jj0vEgs&amp;__tn__=-]K-R\" target=\"_blank\" rel=\"noopener\"><strong>MARN<\/strong><\/a> La Delegaci\u00f3n Departamental del Ministerio de Ambiente y Recursos Naturales de Alta Verapaz en coordinaci\u00f3n con el <a href=\"https:\/\/www.facebook.com\/hashtag\/mides?__eep__=6&amp;__cft__[0]=AZV8LPOtGOTvM_9-E3_J9WMJ3RFfmPlVo3flASdHhJGGY0bq4J_O2X8ltM11uNt6BWvy3UsXOvl0Za4f3oqXrFRh_8l_GLKBJHUMN0-tXW6_fcHw9NSw9kGWEFGR9kxyCDrACz37yDVhM1eIDyH49DBf8biKx7wh7KUOfQmwsNGVID6Lz3tjqYg5jfz2jj0vEgs&amp;__tn__=*NK-R\" target=\"_blank\" rel=\"noopener\"><strong>#MIDES<\/strong><\/a> atiende y capacita en Residuos y Desechos S\u00f3lidos a 2500 Veteranos Militares del departamento en cumplimiento al programa del decreto 51-2022 Ley de Desarrollo Integral Temporal.<\/p>\n<div><\/div>\n","protected":false},"excerpt":{"rendered":"<p>#AltaVerapaz MARN La Delegaci\u00f3n Departamental del Ministerio de Ambiente y Recursos Naturales de Alta Verapaz en coordinaci\u00f3n con el #MIDES atiende y capacita en Residuos y Desechos S\u00f3lidos a 2500 Veteranos Militares del departamento en cumplimiento al programa del decreto 51-2022 Ley de Desarrollo Integral Temporal.<\/p>\n","protected":false},"author":1,"featured_media":17539,"comment_status":"closed","ping_status":"open","sticky":false,"template":"","format":"gallery","meta":[],"categories":[6],"tags":[178],"_links":{"self":[{"href":"https:\/\/gobernacionaltaverapaz.gob.gt\/index.php?rest_route=\/wp\/v2\/posts\/17529"}],"collection":[{"href":"https:\/\/gobernacionaltaverapaz.gob.gt\/index.php?rest_route=\/wp\/v2\/posts"}],"about":[{"href":"https:\/\/gobernacionaltaverapaz.gob.gt\/index.php?rest_route=\/wp\/v2\/types\/post"}],"author":[{"embeddable":true,"href":"https:\/\/gobernacionaltaverapaz.gob.gt\/index.php?rest_route=\/wp\/v2\/users\/1"}],"replies":[{"embeddable":true,"href":"https:\/\/gobernacionaltaverapaz.gob.gt\/index.php?rest_route=%2Fwp%2Fv2%2Fcomments&post=17529"}],"version-history":[{"count":3,"href":"https:\/\/gobernacionaltaverapaz.gob.gt\/index.php?rest_route=\/wp\/v2\/posts\/17529\/revisions"}],"predecessor-version":[{"id":17542,"href":"https:\/\/gobernacionaltaverapaz.gob.gt\/index.php?rest_route=\/wp\/v2\/posts\/17529\/revisions\/17542"}],"wp:featuredmedia":[{"embeddable":true,"href":"https:\/\/gobernacionaltaverapaz.gob.gt\/index.php?rest_route=\/wp\/v2\/media\/17539"}],"wp:attachment":[{"href":"https:\/\/gobernacionaltaverapaz.gob.gt\/index.php?rest_route=%2Fwp%2Fv2%2Fmedia&parent=17529"}],"wp:term":[{"taxonomy":"category","embeddable":true,"href":"https:\/\/gobernacionaltaverapaz.gob.gt\/index.php?rest_route=%2Fwp%2Fv2%2Fcategories&post=17529"},{"taxonomy":"post_tag","embeddable":true,"href":"https:\/\/gobernacionaltaverapaz.gob.gt\/index.php?rest_route=%2Fwp%2Fv2%2Ftags&post=17529"}],"curies":[{"name":"wp","href":"https:\/\/api.w.org\/{rel}","templated":true}]}}