{"id":17557,"date":"2023-11-14T17:26:00","date_gmt":"2023-11-14T23:26:00","guid":{"rendered":"https:\/\/gobernacionaltaverapaz.gob.gt\/?p=17557"},"modified":"2023-11-15T08:55:10","modified_gmt":"2023-11-15T14:55:10","slug":"taller-indice-de-equivalencia-de-adaptacion-en-cadenas-de-valor-de-cardamomo-cacao-y-pimienta-gorda","status":"publish","type":"post","link":"https:\/\/gobernacionaltaverapaz.gob.gt\/?p=17557","title":{"rendered":"Taller \u201c\u00cdndice de Equivalencia de Adaptaci\u00f3n en cadenas de valor de Cardamomo, Cacao y Pimienta Gorda\u201d"},"content":{"rendered":"<p style=\"text-align: justify;\"><a href=\"https:\/\/www.facebook.com\/hashtag\/altaverapaz?__eep__=6&amp;__cft__[0]=AZXKYdAuoSVn9vTk920MEYIc_5Dgk3tY0iPEz9RfAwNCSfVbAvhfwpX9_jx7Xud-5FNRyzwSKSuAsUuG_lR7JFm3WGljk_i9wuqIeQZgZkrqbSJltwkx7i95bkYKMiWrFnhoD8s_oDn9Ccpe_BA9B7zMuPylApaIR7404hLh71dAhDpamJdqzuAVhtkTqaWLS6E&amp;__tn__=*NK-R\" target=\"_blank\" rel=\"noopener\">#AltaVerapaz<\/a><\/p>\n<p style=\"text-align: justify;\">La Delegaci\u00f3n Departamental de Alta Verapaz del Ministerio de Ambiente y Recursos Naturales <a href=\"https:\/\/www.facebook.com\/marnguate?__cft__[0]=AZXKYdAuoSVn9vTk920MEYIc_5Dgk3tY0iPEz9RfAwNCSfVbAvhfwpX9_jx7Xud-5FNRyzwSKSuAsUuG_lR7JFm3WGljk_i9wuqIeQZgZkrqbSJltwkx7i95bkYKMiWrFnhoD8s_oDn9Ccpe_BA9B7zMuPylApaIR7404hLh71dAhDpamJdqzuAVhtkTqaWLS6E&amp;__tn__=-]K-R\" target=\"_blank\" rel=\"noopener\">MARN<\/a>, particip\u00f3 en el taller \u201c\u00cdndice de Equivalencia de Adaptaci\u00f3n en cadenas de valor de Cardamomo, Cacao y Pimienta Gorda\u201d del proyecto Construyendo Resilencia Clim\u00e1tica en las Cadenas de Valor para la movilizaci\u00f3n de fondos de Adaptaci\u00f3n.<\/p>\n<p style=\"text-align: justify;\"><a href=\"https:\/\/www.facebook.com\/hashtag\/elgobdeloguatemaltecos?__eep__=6&amp;__cft__[0]=AZXKYdAuoSVn9vTk920MEYIc_5Dgk3tY0iPEz9RfAwNCSfVbAvhfwpX9_jx7Xud-5FNRyzwSKSuAsUuG_lR7JFm3WGljk_i9wuqIeQZgZkrqbSJltwkx7i95bkYKMiWrFnhoD8s_oDn9Ccpe_BA9B7zMuPylApaIR7404hLh71dAhDpamJdqzuAVhtkTqaWLS6E&amp;__tn__=*NK-R\" target=\"_blank\" rel=\"noopener\">#ElGobDeLoGuatemaltecos<\/a><\/p>\n<div><\/div>\n","protected":false},"excerpt":{"rendered":"<p>#AltaVerapaz La Delegaci\u00f3n Departamental de Alta Verapaz del Ministerio de Ambiente y Recursos Naturales MARN, particip\u00f3 en el taller \u201c\u00cdndice de Equivalencia de Adaptaci\u00f3n en cadenas de valor de Cardamomo, Cacao y Pimienta Gorda\u201d del proyecto Construyendo Resilencia Clim\u00e1tica en las Cadenas de Valor para la movilizaci\u00f3n de fondos de Adaptaci\u00f3n. #ElGobDeLoGuatemaltecos<\/p>\n","protected":false},"author":1,"featured_media":17559,"comment_status":"closed","ping_status":"open","sticky":false,"template":"","format":"gallery","meta":[],"categories":[2],"tags":[178],"_links":{"self":[{"href":"https:\/\/gobernacionaltaverapaz.gob.gt\/index.php?rest_route=\/wp\/v2\/posts\/17557"}],"collection":[{"href":"https:\/\/gobernacionaltaverapaz.gob.gt\/index.php?rest_route=\/wp\/v2\/posts"}],"about":[{"href":"https:\/\/gobernacionaltaverapaz.gob.gt\/index.php?rest_route=\/wp\/v2\/types\/post"}],"author":[{"embeddable":true,"href":"https:\/\/gobernacionaltaverapaz.gob.gt\/index.php?rest_route=\/wp\/v2\/users\/1"}],"replies":[{"embeddable":true,"href":"https:\/\/gobernacionaltaverapaz.gob.gt\/index.php?rest_route=%2Fwp%2Fv2%2Fcomments&post=17557"}],"version-history":[{"count":3,"href":"https:\/\/gobernacionaltaverapaz.gob.gt\/index.php?rest_route=\/wp\/v2\/posts\/17557\/revisions"}],"predecessor-version":[{"id":17564,"href":"https:\/\/gobernacionaltaverapaz.gob.gt\/index.php?rest_route=\/wp\/v2\/posts\/17557\/revisions\/17564"}],"wp:featuredmedia":[{"embeddable":true,"href":"https:\/\/gobernacionaltaverapaz.gob.gt\/index.php?rest_route=\/wp\/v2\/media\/17559"}],"wp:attachment":[{"href":"https:\/\/gobernacionaltaverapaz.gob.gt\/index.php?rest_route=%2Fwp%2Fv2%2Fmedia&parent=17557"}],"wp:term":[{"taxonomy":"category","embeddable":true,"href":"https:\/\/gobernacionaltaverapaz.gob.gt\/index.php?rest_route=%2Fwp%2Fv2%2Fcategories&post=17557"},{"taxonomy":"post_tag","embeddable":true,"href":"https:\/\/gobernacionaltaverapaz.gob.gt\/index.php?rest_route=%2Fwp%2Fv2%2Ftags&post=17557"}],"curies":[{"name":"wp","href":"https:\/\/api.w.org\/{rel}","templated":true}]}}