{"id":17566,"date":"2023-11-15T10:18:39","date_gmt":"2023-11-15T16:18:39","guid":{"rendered":"https:\/\/gobernacionaltaverapaz.gob.gt\/?p=17566"},"modified":"2023-11-17T16:08:24","modified_gmt":"2023-11-17T22:08:24","slug":"socializacion-del-plan-de-estudio-de-caracterizacion-de-residuos-solidos","status":"publish","type":"post","link":"https:\/\/gobernacionaltaverapaz.gob.gt\/?p=17566","title":{"rendered":"Socializaci\u00f3n del Plan de Estudio de Caracterizaci\u00f3n de Residuos S\u00f3lidos"},"content":{"rendered":"<p style=\"text-align: justify;\"><a href=\"https:\/\/www.facebook.com\/hashtag\/altaverapaz?__eep__=6&amp;__cft__[0]=AZVwhPoHjgL5h_L913azpEl5h-vXIC0kow7kIF4FnCpBmYacD7MQ9BXDUiTVT7Qr0eI66ynFcwnmvrJmn4NGMPAQ-tEJVK0NxJyQNC7pk6QjTCCuHxGjX18jVFEJDjDGM-myneLemYb38Kc8lbDky_tYqN5UklOZL-eqCuMeMxGjDbIG5tZqP5pY-7yX16yCz-4&amp;__tn__=*NK-R\" target=\"_blank\" rel=\"noopener\">#AltaVerapaz<\/a><\/p>\n<p style=\"text-align: justify;\"><a href=\"https:\/\/www.facebook.com\/marnguate?__cft__[0]=AZVwhPoHjgL5h_L913azpEl5h-vXIC0kow7kIF4FnCpBmYacD7MQ9BXDUiTVT7Qr0eI66ynFcwnmvrJmn4NGMPAQ-tEJVK0NxJyQNC7pk6QjTCCuHxGjX18jVFEJDjDGM-myneLemYb38Kc8lbDky_tYqN5UklOZL-eqCuMeMxGjDbIG5tZqP5pY-7yX16yCz-4&amp;__tn__=-]K-R\" target=\"_blank\" rel=\"noopener\">MARN<\/a> El Ministerio de Ambiente y Recursos Naturales a trav\u00e9s de La Delegaci\u00f3n Departamental de Alta Verapaz y Direcci\u00f3n de Residuos y Desechos S\u00f3lidos realiza acompa\u00f1amiento a socializaci\u00f3n del Plan de Estudio de Caracterizaci\u00f3n de Residuos S\u00f3lidos\u00a0 comunes que se realizar\u00e1 en el Municipio de Cob\u00e1n siendo para empresas recolectoras y cocodes, caracterizaci\u00f3n que realizar\u00e1 la <a href=\"https:\/\/www.facebook.com\/MiMuniCoban?__cft__[0]=AZVwhPoHjgL5h_L913azpEl5h-vXIC0kow7kIF4FnCpBmYacD7MQ9BXDUiTVT7Qr0eI66ynFcwnmvrJmn4NGMPAQ-tEJVK0NxJyQNC7pk6QjTCCuHxGjX18jVFEJDjDGM-myneLemYb38Kc8lbDky_tYqN5UklOZL-eqCuMeMxGjDbIG5tZqP5pY-7yX16yCz-4&amp;__tn__=-]K-R\" target=\"_blank\" rel=\"noopener\">Municipalidad De Cob\u00e1n<\/a> con apoyo de <a href=\"https:\/\/www.facebook.com\/hashtag\/wwf?__eep__=6&amp;__cft__[0]=AZVwhPoHjgL5h_L913azpEl5h-vXIC0kow7kIF4FnCpBmYacD7MQ9BXDUiTVT7Qr0eI66ynFcwnmvrJmn4NGMPAQ-tEJVK0NxJyQNC7pk6QjTCCuHxGjX18jVFEJDjDGM-myneLemYb38Kc8lbDky_tYqN5UklOZL-eqCuMeMxGjDbIG5tZqP5pY-7yX16yCz-4&amp;__tn__=*NK-R\" target=\"_blank\" rel=\"noopener\">#WWF<\/a> y <a href=\"https:\/\/www.facebook.com\/hashtag\/arsa?__eep__=6&amp;__cft__[0]=AZVwhPoHjgL5h_L913azpEl5h-vXIC0kow7kIF4FnCpBmYacD7MQ9BXDUiTVT7Qr0eI66ynFcwnmvrJmn4NGMPAQ-tEJVK0NxJyQNC7pk6QjTCCuHxGjX18jVFEJDjDGM-myneLemYb38Kc8lbDky_tYqN5UklOZL-eqCuMeMxGjDbIG5tZqP5pY-7yX16yCz-4&amp;__tn__=*NK-R\" target=\"_blank\" rel=\"noopener\">#ARSA<\/a>.<\/p>\n<div><\/div>\n","protected":false},"excerpt":{"rendered":"<p>#AltaVerapaz MARN El Ministerio de Ambiente y Recursos Naturales a trav\u00e9s de La Delegaci\u00f3n Departamental de Alta Verapaz y Direcci\u00f3n de Residuos y Desechos S\u00f3lidos realiza acompa\u00f1amiento a socializaci\u00f3n del Plan de Estudio de Caracterizaci\u00f3n de Residuos S\u00f3lidos\u00a0 comunes que se realizar\u00e1 en el Municipio de Cob\u00e1n siendo para empresas recolectoras y cocodes, caracterizaci\u00f3n que [&hellip;]<\/p>\n","protected":false},"author":1,"featured_media":17569,"comment_status":"closed","ping_status":"open","sticky":false,"template":"","format":"standard","meta":[],"categories":[6],"tags":[178],"_links":{"self":[{"href":"https:\/\/gobernacionaltaverapaz.gob.gt\/index.php?rest_route=\/wp\/v2\/posts\/17566"}],"collection":[{"href":"https:\/\/gobernacionaltaverapaz.gob.gt\/index.php?rest_route=\/wp\/v2\/posts"}],"about":[{"href":"https:\/\/gobernacionaltaverapaz.gob.gt\/index.php?rest_route=\/wp\/v2\/types\/post"}],"author":[{"embeddable":true,"href":"https:\/\/gobernacionaltaverapaz.gob.gt\/index.php?rest_route=\/wp\/v2\/users\/1"}],"replies":[{"embeddable":true,"href":"https:\/\/gobernacionaltaverapaz.gob.gt\/index.php?rest_route=%2Fwp%2Fv2%2Fcomments&post=17566"}],"version-history":[{"count":2,"href":"https:\/\/gobernacionaltaverapaz.gob.gt\/index.php?rest_route=\/wp\/v2\/posts\/17566\/revisions"}],"predecessor-version":[{"id":17572,"href":"https:\/\/gobernacionaltaverapaz.gob.gt\/index.php?rest_route=\/wp\/v2\/posts\/17566\/revisions\/17572"}],"wp:featuredmedia":[{"embeddable":true,"href":"https:\/\/gobernacionaltaverapaz.gob.gt\/index.php?rest_route=\/wp\/v2\/media\/17569"}],"wp:attachment":[{"href":"https:\/\/gobernacionaltaverapaz.gob.gt\/index.php?rest_route=%2Fwp%2Fv2%2Fmedia&parent=17566"}],"wp:term":[{"taxonomy":"category","embeddable":true,"href":"https:\/\/gobernacionaltaverapaz.gob.gt\/index.php?rest_route=%2Fwp%2Fv2%2Fcategories&post=17566"},{"taxonomy":"post_tag","embeddable":true,"href":"https:\/\/gobernacionaltaverapaz.gob.gt\/index.php?rest_route=%2Fwp%2Fv2%2Ftags&post=17566"}],"curies":[{"name":"wp","href":"https:\/\/api.w.org\/{rel}","templated":true}]}}