{"id":17573,"date":"2023-11-15T13:04:53","date_gmt":"2023-11-15T19:04:53","guid":{"rendered":"https:\/\/gobernacionaltaverapaz.gob.gt\/?p=17573"},"modified":"2023-11-17T16:17:58","modified_gmt":"2023-11-17T22:17:58","slug":"segunda-sesion-ordinaria-de-junta-local-de-servicio-civico-2023","status":"publish","type":"post","link":"https:\/\/gobernacionaltaverapaz.gob.gt\/?p=17573","title":{"rendered":"Segunda Sesi\u00f3n Ordinaria de Junta Local de Servicio C\u00edvico 2023"},"content":{"rendered":"<p><a href=\"https:\/\/www.facebook.com\/hashtag\/altaverapaz?__eep__=6&amp;__cft__[0]=AZWK-MvwuN9DLiT9HUkSW58XyXWL7QIm0XjuN8as8MmRbHhb_8k0REfCkwMP3oJ5FL_9K6OF-JJtPmByTBwhqG1WgeadYDM2xkBCQJT1fJu-ZnPPMrUupRaCuuG9QoROkoAkXfr9CTbmtgT7EiiJh0an5xhak5FgPHIO8HRF5K0fmEBSEgvTnyBx1Z1KWPD2Oxk&amp;__tn__=*NK-R\" target=\"_blank\" rel=\"noopener\">#AltaVerapaz<\/a><\/p>\n<p style=\"text-align: justify;\">Esta ma\u00f1ana se llev\u00f3 a cabo la \u201cSegunda Sesi\u00f3n Ordinaria de Junta Local de Servicio C\u00edvico 2023\u201d, en donde se dio a conocer las Acciones Relevantes de la Prestaci\u00f3n de Servicio C\u00edvico del Proyecto del <a href=\"https:\/\/www.facebook.com\/maga.gt?__cft__[0]=AZWK-MvwuN9DLiT9HUkSW58XyXWL7QIm0XjuN8as8MmRbHhb_8k0REfCkwMP3oJ5FL_9K6OF-JJtPmByTBwhqG1WgeadYDM2xkBCQJT1fJu-ZnPPMrUupRaCuuG9QoROkoAkXfr9CTbmtgT7EiiJh0an5xhak5FgPHIO8HRF5K0fmEBSEgvTnyBx1Z1KWPD2Oxk&amp;__tn__=-]K-R\" target=\"_blank\" rel=\"noopener\">Ministerio de Agricultura, Ganader\u00eda y Alimentaci\u00f3n &#8211; MAGA<\/a>, como tambi\u00e9n la Informaci\u00f3n de los Proyectos de Servicio C\u00edvico Aprobados por Junta Nacional del Servicio C\u00edvico para el a\u00f1o 2024.<\/p>\n<p><a href=\"https:\/\/www.facebook.com\/hashtag\/elgobdelosguatemaltecos?__eep__=6&amp;__cft__[0]=AZWK-MvwuN9DLiT9HUkSW58XyXWL7QIm0XjuN8as8MmRbHhb_8k0REfCkwMP3oJ5FL_9K6OF-JJtPmByTBwhqG1WgeadYDM2xkBCQJT1fJu-ZnPPMrUupRaCuuG9QoROkoAkXfr9CTbmtgT7EiiJh0an5xhak5FgPHIO8HRF5K0fmEBSEgvTnyBx1Z1KWPD2Oxk&amp;__tn__=*NK-R\" target=\"_blank\" rel=\"noopener\">#ElGobDeLosGuatemaltecos<\/a><\/p>\n<p><img decoding=\"async\" loading=\"lazy\" class=\"alignnone size-full wp-image-17575\" src=\"https:\/\/gobernacionaltaverapaz.gob.gt\/wp-content\/uploads\/2023\/11\/002-14.jpg\" alt=\"\" width=\"900\" height=\"600\" srcset=\"https:\/\/gobernacionaltaverapaz.gob.gt\/wp-content\/uploads\/2023\/11\/002-14.jpg 900w, https:\/\/gobernacionaltaverapaz.gob.gt\/wp-content\/uploads\/2023\/11\/002-14-300x200.jpg 300w, https:\/\/gobernacionaltaverapaz.gob.gt\/wp-content\/uploads\/2023\/11\/002-14-768x512.jpg 768w\" sizes=\"(max-width: 900px) 100vw, 900px\" \/> <img decoding=\"async\" loading=\"lazy\" class=\"alignnone size-full wp-image-17576\" src=\"https:\/\/gobernacionaltaverapaz.gob.gt\/wp-content\/uploads\/2023\/11\/003-14.jpg\" alt=\"\" width=\"900\" height=\"600\" srcset=\"https:\/\/gobernacionaltaverapaz.gob.gt\/wp-content\/uploads\/2023\/11\/003-14.jpg 900w, https:\/\/gobernacionaltaverapaz.gob.gt\/wp-content\/uploads\/2023\/11\/003-14-300x200.jpg 300w, https:\/\/gobernacionaltaverapaz.gob.gt\/wp-content\/uploads\/2023\/11\/003-14-768x512.jpg 768w\" sizes=\"(max-width: 900px) 100vw, 900px\" \/><\/p>\n","protected":false},"excerpt":{"rendered":"<p>#AltaVerapaz Esta ma\u00f1ana se llev\u00f3 a cabo la \u201cSegunda Sesi\u00f3n Ordinaria de Junta Local de Servicio C\u00edvico 2023\u201d, en donde se dio a conocer las Acciones Relevantes de la Prestaci\u00f3n de Servicio C\u00edvico del Proyecto del Ministerio de Agricultura, Ganader\u00eda y Alimentaci\u00f3n &#8211; MAGA, como tambi\u00e9n la Informaci\u00f3n de los Proyectos de Servicio C\u00edvico Aprobados [&hellip;]<\/p>\n","protected":false},"author":1,"featured_media":17574,"comment_status":"closed","ping_status":"open","sticky":false,"template":"","format":"standard","meta":[],"categories":[183],"tags":[178],"_links":{"self":[{"href":"https:\/\/gobernacionaltaverapaz.gob.gt\/index.php?rest_route=\/wp\/v2\/posts\/17573"}],"collection":[{"href":"https:\/\/gobernacionaltaverapaz.gob.gt\/index.php?rest_route=\/wp\/v2\/posts"}],"about":[{"href":"https:\/\/gobernacionaltaverapaz.gob.gt\/index.php?rest_route=\/wp\/v2\/types\/post"}],"author":[{"embeddable":true,"href":"https:\/\/gobernacionaltaverapaz.gob.gt\/index.php?rest_route=\/wp\/v2\/users\/1"}],"replies":[{"embeddable":true,"href":"https:\/\/gobernacionaltaverapaz.gob.gt\/index.php?rest_route=%2Fwp%2Fv2%2Fcomments&post=17573"}],"version-history":[{"count":2,"href":"https:\/\/gobernacionaltaverapaz.gob.gt\/index.php?rest_route=\/wp\/v2\/posts\/17573\/revisions"}],"predecessor-version":[{"id":17578,"href":"https:\/\/gobernacionaltaverapaz.gob.gt\/index.php?rest_route=\/wp\/v2\/posts\/17573\/revisions\/17578"}],"wp:featuredmedia":[{"embeddable":true,"href":"https:\/\/gobernacionaltaverapaz.gob.gt\/index.php?rest_route=\/wp\/v2\/media\/17574"}],"wp:attachment":[{"href":"https:\/\/gobernacionaltaverapaz.gob.gt\/index.php?rest_route=%2Fwp%2Fv2%2Fmedia&parent=17573"}],"wp:term":[{"taxonomy":"category","embeddable":true,"href":"https:\/\/gobernacionaltaverapaz.gob.gt\/index.php?rest_route=%2Fwp%2Fv2%2Fcategories&post=17573"},{"taxonomy":"post_tag","embeddable":true,"href":"https:\/\/gobernacionaltaverapaz.gob.gt\/index.php?rest_route=%2Fwp%2Fv2%2Ftags&post=17573"}],"curies":[{"name":"wp","href":"https:\/\/api.w.org\/{rel}","templated":true}]}}