{"id":17587,"date":"2023-11-20T10:51:47","date_gmt":"2023-11-20T16:51:47","guid":{"rendered":"https:\/\/gobernacionaltaverapaz.gob.gt\/?p=17587"},"modified":"2023-11-23T10:01:24","modified_gmt":"2023-11-23T16:01:24","slug":"jornada-de-limpieza-2","status":"publish","type":"post","link":"https:\/\/gobernacionaltaverapaz.gob.gt\/?p=17587","title":{"rendered":"Jornada de limpieza"},"content":{"rendered":"<p><a href=\"https:\/\/www.facebook.com\/hashtag\/altaverapaz?__eep__=6&amp;__cft__[0]=AZUCuHsKS5E9JxvaVkYbnlzw_MFf3vquWJ2i8vh5e_Kfzcv81NqZUX8jrc9boEf2tQyYQqyUNpWe7ybUT7uH0O4fIBqoJYuSdJQWcOXln7mTViP0Xl0l2ECLn8pEpENlTqm3GKM9sUjqz4EWtN4rd7cCwoFKwtuf41a0scv9phXsCGJ56bkEIUEx-waKujRfGKU&amp;__tn__=*NK-R\" target=\"_blank\" rel=\"noopener\">#AltaVerapaz<\/a><\/p>\n<p style=\"text-align: justify;\">La Delegaci\u00f3n Departamental de Alta Verapaz del Ministerio de Ambiente y Recursos Naturales <a href=\"https:\/\/www.facebook.com\/marnguate?__cft__[0]=AZUCuHsKS5E9JxvaVkYbnlzw_MFf3vquWJ2i8vh5e_Kfzcv81NqZUX8jrc9boEf2tQyYQqyUNpWe7ybUT7uH0O4fIBqoJYuSdJQWcOXln7mTViP0Xl0l2ECLn8pEpENlTqm3GKM9sUjqz4EWtN4rd7cCwoFKwtuf41a0scv9phXsCGJ56bkEIUEx-waKujRfGKU&amp;__tn__=-]K-R\" target=\"_blank\" rel=\"noopener\"><strong>MARN<\/strong><\/a> en coordinaci\u00f3n con personal de la <a href=\"https:\/\/www.facebook.com\/MiMuniCoban?__cft__[0]=AZUCuHsKS5E9JxvaVkYbnlzw_MFf3vquWJ2i8vh5e_Kfzcv81NqZUX8jrc9boEf2tQyYQqyUNpWe7ybUT7uH0O4fIBqoJYuSdJQWcOXln7mTViP0Xl0l2ECLn8pEpENlTqm3GKM9sUjqz4EWtN4rd7cCwoFKwtuf41a0scv9phXsCGJ56bkEIUEx-waKujRfGKU&amp;__tn__=-]K-R\" target=\"_blank\" rel=\"noopener\">Municipalidad De Cob\u00e1n<\/a>,\u00a0 llevaron a cabo este fin de semana una jornada de limpieza del \u00e1rea meta mercado la terminal Talpetate del municipio de Cob\u00e1n, Alta Verapaz, con el objetivo de hacer conciencia en la poblaci\u00f3n sobre el manejo de los residuos y desechos s\u00f3lidos.<\/p>\n<div><\/div>\n","protected":false},"excerpt":{"rendered":"<p>#AltaVerapaz La Delegaci\u00f3n Departamental de Alta Verapaz del Ministerio de Ambiente y Recursos Naturales MARN en coordinaci\u00f3n con personal de la Municipalidad De Cob\u00e1n,\u00a0 llevaron a cabo este fin de semana una jornada de limpieza del \u00e1rea meta mercado la terminal Talpetate del municipio de Cob\u00e1n, Alta Verapaz, con el objetivo de hacer conciencia en [&hellip;]<\/p>\n","protected":false},"author":1,"featured_media":17589,"comment_status":"closed","ping_status":"open","sticky":false,"template":"","format":"gallery","meta":[],"categories":[3],"tags":[178],"_links":{"self":[{"href":"https:\/\/gobernacionaltaverapaz.gob.gt\/index.php?rest_route=\/wp\/v2\/posts\/17587"}],"collection":[{"href":"https:\/\/gobernacionaltaverapaz.gob.gt\/index.php?rest_route=\/wp\/v2\/posts"}],"about":[{"href":"https:\/\/gobernacionaltaverapaz.gob.gt\/index.php?rest_route=\/wp\/v2\/types\/post"}],"author":[{"embeddable":true,"href":"https:\/\/gobernacionaltaverapaz.gob.gt\/index.php?rest_route=\/wp\/v2\/users\/1"}],"replies":[{"embeddable":true,"href":"https:\/\/gobernacionaltaverapaz.gob.gt\/index.php?rest_route=%2Fwp%2Fv2%2Fcomments&post=17587"}],"version-history":[{"count":4,"href":"https:\/\/gobernacionaltaverapaz.gob.gt\/index.php?rest_route=\/wp\/v2\/posts\/17587\/revisions"}],"predecessor-version":[{"id":17598,"href":"https:\/\/gobernacionaltaverapaz.gob.gt\/index.php?rest_route=\/wp\/v2\/posts\/17587\/revisions\/17598"}],"wp:featuredmedia":[{"embeddable":true,"href":"https:\/\/gobernacionaltaverapaz.gob.gt\/index.php?rest_route=\/wp\/v2\/media\/17589"}],"wp:attachment":[{"href":"https:\/\/gobernacionaltaverapaz.gob.gt\/index.php?rest_route=%2Fwp%2Fv2%2Fmedia&parent=17587"}],"wp:term":[{"taxonomy":"category","embeddable":true,"href":"https:\/\/gobernacionaltaverapaz.gob.gt\/index.php?rest_route=%2Fwp%2Fv2%2Fcategories&post=17587"},{"taxonomy":"post_tag","embeddable":true,"href":"https:\/\/gobernacionaltaverapaz.gob.gt\/index.php?rest_route=%2Fwp%2Fv2%2Ftags&post=17587"}],"curies":[{"name":"wp","href":"https:\/\/api.w.org\/{rel}","templated":true}]}}