{"id":17617,"date":"2023-11-23T09:50:43","date_gmt":"2023-11-23T15:50:43","guid":{"rendered":"https:\/\/gobernacionaltaverapaz.gob.gt\/?p=17617"},"modified":"2023-11-27T09:25:32","modified_gmt":"2023-11-27T15:25:32","slug":"primera-inauguracion-de-proyectos-mejoramiento-de-escuela-primaria-caserio-cooperativa-semarac-centro","status":"publish","type":"post","link":"https:\/\/gobernacionaltaverapaz.gob.gt\/?p=17617","title":{"rendered":"Inauguraci\u00f3n de proyecto Mejoramiento de Escuela Primaria Caser\u00edo Cooperativa Semarac Centro"},"content":{"rendered":"<p style=\"text-align: justify;\"><a href=\"https:\/\/www.facebook.com\/hashtag\/altaverapaz?__eep__=6&amp;__cft__[0]=AZVf7budbhqbGL5BHcsPYUQPrpaH8VRAYiLYpSAkgl-0GQerxMu-F-0ovDJPNH3vygAv4krHmustXBOFGJvif62Fh7RYs0k3DVZHwO5jDNerbcAIKpFrvoLgnEY7rq6WJ2wiXMidH31f_-flJLGfJqL0eVOVd0zN257NmCeV2MaN8LtIXqcbnDs2H_kriV11aFI&amp;__tn__=*NK-R\" target=\"_blank\" rel=\"noopener\">#AltaVerapaz<\/a><\/p>\n<p style=\"text-align: justify;\">El d\u00eda de ayer mi\u00e9rcoles 22 de noviembre el Se\u00f1or Alcalde Municipal de San Antonio Senah\u00fa Ariel Leal, en compa\u00f1\u00eda de la Se\u00f1ora Gobernadora Departamental de Alta Verapaz Licda. Angela Alvarado Ten\u00ed, dieron inici\u00f3 con la primera Inauguraci\u00f3n de los proyectos 2023, del Mejoramiento de la Escuela Primaria Caser\u00edo Cooperativa Semarac Centro Senah\u00fa, Alta Verapaz.<\/p>\n<p style=\"text-align: justify;\"><a href=\"https:\/\/www.facebook.com\/hashtag\/elgobdelosguatemaltecos?__eep__=6&amp;__cft__[0]=AZVf7budbhqbGL5BHcsPYUQPrpaH8VRAYiLYpSAkgl-0GQerxMu-F-0ovDJPNH3vygAv4krHmustXBOFGJvif62Fh7RYs0k3DVZHwO5jDNerbcAIKpFrvoLgnEY7rq6WJ2wiXMidH31f_-flJLGfJqL0eVOVd0zN257NmCeV2MaN8LtIXqcbnDs2H_kriV11aFI&amp;__tn__=*NK-R\" target=\"_blank\" rel=\"noopener\">#ElGobDeLosGuatemaltecos<\/a><\/p>\n<div><\/div>\n","protected":false},"excerpt":{"rendered":"<p>#AltaVerapaz El d\u00eda de ayer mi\u00e9rcoles 22 de noviembre el Se\u00f1or Alcalde Municipal de San Antonio Senah\u00fa Ariel Leal, en compa\u00f1\u00eda de la Se\u00f1ora Gobernadora Departamental de Alta Verapaz Licda. Angela Alvarado Ten\u00ed, dieron inici\u00f3 con la primera Inauguraci\u00f3n de los proyectos 2023, del Mejoramiento de la Escuela Primaria Caser\u00edo Cooperativa Semarac Centro Senah\u00fa, Alta [&hellip;]<\/p>\n","protected":false},"author":1,"featured_media":17619,"comment_status":"closed","ping_status":"open","sticky":false,"template":"","format":"gallery","meta":[],"categories":[2],"tags":[178],"_links":{"self":[{"href":"https:\/\/gobernacionaltaverapaz.gob.gt\/index.php?rest_route=\/wp\/v2\/posts\/17617"}],"collection":[{"href":"https:\/\/gobernacionaltaverapaz.gob.gt\/index.php?rest_route=\/wp\/v2\/posts"}],"about":[{"href":"https:\/\/gobernacionaltaverapaz.gob.gt\/index.php?rest_route=\/wp\/v2\/types\/post"}],"author":[{"embeddable":true,"href":"https:\/\/gobernacionaltaverapaz.gob.gt\/index.php?rest_route=\/wp\/v2\/users\/1"}],"replies":[{"embeddable":true,"href":"https:\/\/gobernacionaltaverapaz.gob.gt\/index.php?rest_route=%2Fwp%2Fv2%2Fcomments&post=17617"}],"version-history":[{"count":4,"href":"https:\/\/gobernacionaltaverapaz.gob.gt\/index.php?rest_route=\/wp\/v2\/posts\/17617\/revisions"}],"predecessor-version":[{"id":17666,"href":"https:\/\/gobernacionaltaverapaz.gob.gt\/index.php?rest_route=\/wp\/v2\/posts\/17617\/revisions\/17666"}],"wp:featuredmedia":[{"embeddable":true,"href":"https:\/\/gobernacionaltaverapaz.gob.gt\/index.php?rest_route=\/wp\/v2\/media\/17619"}],"wp:attachment":[{"href":"https:\/\/gobernacionaltaverapaz.gob.gt\/index.php?rest_route=%2Fwp%2Fv2%2Fmedia&parent=17617"}],"wp:term":[{"taxonomy":"category","embeddable":true,"href":"https:\/\/gobernacionaltaverapaz.gob.gt\/index.php?rest_route=%2Fwp%2Fv2%2Fcategories&post=17617"},{"taxonomy":"post_tag","embeddable":true,"href":"https:\/\/gobernacionaltaverapaz.gob.gt\/index.php?rest_route=%2Fwp%2Fv2%2Ftags&post=17617"}],"curies":[{"name":"wp","href":"https:\/\/api.w.org\/{rel}","templated":true}]}}