{"id":17628,"date":"2023-11-23T15:11:52","date_gmt":"2023-11-23T21:11:52","guid":{"rendered":"https:\/\/gobernacionaltaverapaz.gob.gt\/?p=17628"},"modified":"2023-11-27T08:58:06","modified_gmt":"2023-11-27T14:58:06","slug":"feria-de-prevencion-contra-el-consumo-de-drogas-y-prevencion-de-embarazos-en-yo-cuido-mi-futuro","status":"publish","type":"post","link":"https:\/\/gobernacionaltaverapaz.gob.gt\/?p=17628","title":{"rendered":"Feria de Prevenci\u00f3n Contra el Consumo de Drogas y Prevenci\u00f3n de Embarazos \u201cYO CUIDO MI FUTURO\u201d"},"content":{"rendered":"<p style=\"text-align: justify;\"><a href=\"https:\/\/www.facebook.com\/hashtag\/altaverapaz?__eep__=6&amp;__cft__[0]=AZVdsEpWOzN_o5ogtloATkdwihfFb5C6YYXKSOnV2cQ_z-rCWpE_QliIFVkqQ0Qe3wzNM3oM55aub7Q8K5yKBArQKZNuyyafwX9tKb6G3s-YzZOVtwMYH3D48oToEiqGyX3HBdW3PctQNPpQvrz6o2ZRgpUyZWCC6MTT3aBrFJO8DK6M_NMJOoXyWSFJV-gBeyc&amp;__tn__=*NK-R\" target=\"_blank\" rel=\"noopener\">#AltaVerapaz<\/a><\/p>\n<p style=\"text-align: justify;\">Como parte de las acciones de Gobernaci\u00f3n, la Se\u00f1ora Gobernadora Departamental de Alta Verapaz Licda. Angela Alvarado Ten\u00ed en coordinaci\u00f3n con la Unidad para la Prevenci\u00f3n Comunitaria de la Violencia &#8211;<strong>UPCV<\/strong>&#8211; e Instituciones Gubernamentales y No Gubernamentales, llevaron a cabo la Feria de Prevenci\u00f3n Contra el Consumo de Drogas y Prevenci\u00f3n de Embarazos en el Marco de la Campa\u00f1a <strong>YO CUIDO MI FUTURO<\/strong>, atendiendo a m\u00e1s de 200 estudiantes del <strong>INEB-INED<\/strong> Aldea Campur, del municipio de San Pedro Carch\u00e1, Alta Verapaz.<\/p>\n<p style=\"text-align: justify;\">Con el objetivo del fomento para la responsabilidad y un mejor futuro para los ni\u00f1os y j\u00f3venes creando ambientes y espacios seguros.<\/p>\n<p><a href=\"https:\/\/www.facebook.com\/hashtag\/accionesquetransforman?__eep__=6&amp;__cft__[0]=AZVdsEpWOzN_o5ogtloATkdwihfFb5C6YYXKSOnV2cQ_z-rCWpE_QliIFVkqQ0Qe3wzNM3oM55aub7Q8K5yKBArQKZNuyyafwX9tKb6G3s-YzZOVtwMYH3D48oToEiqGyX3HBdW3PctQNPpQvrz6o2ZRgpUyZWCC6MTT3aBrFJO8DK6M_NMJOoXyWSFJV-gBeyc&amp;__tn__=*NK-R\" target=\"_blank\" rel=\"noopener\">#AccionesQueTransforman<\/a><\/p>\n<div><\/div>\n","protected":false},"excerpt":{"rendered":"<p>#AltaVerapaz Como parte de las acciones de Gobernaci\u00f3n, la Se\u00f1ora Gobernadora Departamental de Alta Verapaz Licda. Angela Alvarado Ten\u00ed en coordinaci\u00f3n con la Unidad para la Prevenci\u00f3n Comunitaria de la Violencia &#8211;UPCV&#8211; e Instituciones Gubernamentales y No Gubernamentales, llevaron a cabo la Feria de Prevenci\u00f3n Contra el Consumo de Drogas y Prevenci\u00f3n de Embarazos en [&hellip;]<\/p>\n","protected":false},"author":1,"featured_media":17629,"comment_status":"closed","ping_status":"open","sticky":false,"template":"","format":"gallery","meta":[],"categories":[5,197],"tags":[178],"_links":{"self":[{"href":"https:\/\/gobernacionaltaverapaz.gob.gt\/index.php?rest_route=\/wp\/v2\/posts\/17628"}],"collection":[{"href":"https:\/\/gobernacionaltaverapaz.gob.gt\/index.php?rest_route=\/wp\/v2\/posts"}],"about":[{"href":"https:\/\/gobernacionaltaverapaz.gob.gt\/index.php?rest_route=\/wp\/v2\/types\/post"}],"author":[{"embeddable":true,"href":"https:\/\/gobernacionaltaverapaz.gob.gt\/index.php?rest_route=\/wp\/v2\/users\/1"}],"replies":[{"embeddable":true,"href":"https:\/\/gobernacionaltaverapaz.gob.gt\/index.php?rest_route=%2Fwp%2Fv2%2Fcomments&post=17628"}],"version-history":[{"count":3,"href":"https:\/\/gobernacionaltaverapaz.gob.gt\/index.php?rest_route=\/wp\/v2\/posts\/17628\/revisions"}],"predecessor-version":[{"id":17643,"href":"https:\/\/gobernacionaltaverapaz.gob.gt\/index.php?rest_route=\/wp\/v2\/posts\/17628\/revisions\/17643"}],"wp:featuredmedia":[{"embeddable":true,"href":"https:\/\/gobernacionaltaverapaz.gob.gt\/index.php?rest_route=\/wp\/v2\/media\/17629"}],"wp:attachment":[{"href":"https:\/\/gobernacionaltaverapaz.gob.gt\/index.php?rest_route=%2Fwp%2Fv2%2Fmedia&parent=17628"}],"wp:term":[{"taxonomy":"category","embeddable":true,"href":"https:\/\/gobernacionaltaverapaz.gob.gt\/index.php?rest_route=%2Fwp%2Fv2%2Fcategories&post=17628"},{"taxonomy":"post_tag","embeddable":true,"href":"https:\/\/gobernacionaltaverapaz.gob.gt\/index.php?rest_route=%2Fwp%2Fv2%2Ftags&post=17628"}],"curies":[{"name":"wp","href":"https:\/\/api.w.org\/{rel}","templated":true}]}}