{"id":17656,"date":"2023-11-26T19:19:31","date_gmt":"2023-11-27T01:19:31","guid":{"rendered":"https:\/\/gobernacionaltaverapaz.gob.gt\/?p=17656"},"modified":"2023-11-27T09:25:13","modified_gmt":"2023-11-27T15:25:13","slug":"inauguraron-de-proyecto-de-mejoramiento-camino-rural-platero-i-y-ii-del-municipio-de-tactic","status":"publish","type":"post","link":"https:\/\/gobernacionaltaverapaz.gob.gt\/?p=17656","title":{"rendered":"Inauguraci\u00f3n de Proyecto de Mejoramiento Camino Rural Platero I y II del municipio de Tactic"},"content":{"rendered":"<p><a href=\"https:\/\/www.facebook.com\/hashtag\/altaverapaz?__eep__=6&amp;__cft__[0]=AZUNKxqfJBnoq5ieY1GW_5cVNUhmFLK65_nplyLEt_wkFlSwxKo-xQeGJdkaSqPilbdLAdunJAZu8sbaaNpYm5734hR-LqsORI--P72jKwLvwp1o1yAaLW39a6ZK_DW9SjKsU6eC7xpgpFDSX-g54Aly6g5aKsm8E4BQy9uhP_hN0KAZJD-ASH8MQ8MuU-NXlZU&amp;__tn__=*NK-R\" target=\"_blank\" rel=\"noopener\">#AltaVerapaz<\/a><\/p>\n<p style=\"text-align: justify;\">Este fin de semana el Se\u00f1or Alcalde Municipal de Tactic, Alta Verapaz, Julio Asig en compa\u00f1\u00eda de la Se\u00f1ora Gobernadora Departamental de Alta Verapaz Lcda Angela Alvarado, Inauguraron el Proyecto de Mejoramiento Camino Rural Platero I y II del municipio de Tactic, Alta Verapaz que beneficiar\u00e1 a m\u00e1s de 200 familias del Caser\u00edo.<\/p>\n<p><a href=\"https:\/\/www.facebook.com\/hashtag\/accionesquetransforman?__eep__=6&amp;__cft__[0]=AZUNKxqfJBnoq5ieY1GW_5cVNUhmFLK65_nplyLEt_wkFlSwxKo-xQeGJdkaSqPilbdLAdunJAZu8sbaaNpYm5734hR-LqsORI--P72jKwLvwp1o1yAaLW39a6ZK_DW9SjKsU6eC7xpgpFDSX-g54Aly6g5aKsm8E4BQy9uhP_hN0KAZJD-ASH8MQ8MuU-NXlZU&amp;__tn__=*NK-R\" target=\"_blank\" rel=\"noopener\">#AccionesQueTransforman<\/a><\/p>\n<div><\/div>\n","protected":false},"excerpt":{"rendered":"<p>#AltaVerapaz Este fin de semana el Se\u00f1or Alcalde Municipal de Tactic, Alta Verapaz, Julio Asig en compa\u00f1\u00eda de la Se\u00f1ora Gobernadora Departamental de Alta Verapaz Lcda Angela Alvarado, Inauguraron el Proyecto de Mejoramiento Camino Rural Platero I y II del municipio de Tactic, Alta Verapaz que beneficiar\u00e1 a m\u00e1s de 200 familias del Caser\u00edo. #AccionesQueTransforman<\/p>\n","protected":false},"author":1,"featured_media":17657,"comment_status":"closed","ping_status":"open","sticky":false,"template":"","format":"gallery","meta":[],"categories":[4],"tags":[178],"_links":{"self":[{"href":"https:\/\/gobernacionaltaverapaz.gob.gt\/index.php?rest_route=\/wp\/v2\/posts\/17656"}],"collection":[{"href":"https:\/\/gobernacionaltaverapaz.gob.gt\/index.php?rest_route=\/wp\/v2\/posts"}],"about":[{"href":"https:\/\/gobernacionaltaverapaz.gob.gt\/index.php?rest_route=\/wp\/v2\/types\/post"}],"author":[{"embeddable":true,"href":"https:\/\/gobernacionaltaverapaz.gob.gt\/index.php?rest_route=\/wp\/v2\/users\/1"}],"replies":[{"embeddable":true,"href":"https:\/\/gobernacionaltaverapaz.gob.gt\/index.php?rest_route=%2Fwp%2Fv2%2Fcomments&post=17656"}],"version-history":[{"count":3,"href":"https:\/\/gobernacionaltaverapaz.gob.gt\/index.php?rest_route=\/wp\/v2\/posts\/17656\/revisions"}],"predecessor-version":[{"id":17665,"href":"https:\/\/gobernacionaltaverapaz.gob.gt\/index.php?rest_route=\/wp\/v2\/posts\/17656\/revisions\/17665"}],"wp:featuredmedia":[{"embeddable":true,"href":"https:\/\/gobernacionaltaverapaz.gob.gt\/index.php?rest_route=\/wp\/v2\/media\/17657"}],"wp:attachment":[{"href":"https:\/\/gobernacionaltaverapaz.gob.gt\/index.php?rest_route=%2Fwp%2Fv2%2Fmedia&parent=17656"}],"wp:term":[{"taxonomy":"category","embeddable":true,"href":"https:\/\/gobernacionaltaverapaz.gob.gt\/index.php?rest_route=%2Fwp%2Fv2%2Fcategories&post=17656"},{"taxonomy":"post_tag","embeddable":true,"href":"https:\/\/gobernacionaltaverapaz.gob.gt\/index.php?rest_route=%2Fwp%2Fv2%2Ftags&post=17656"}],"curies":[{"name":"wp","href":"https:\/\/api.w.org\/{rel}","templated":true}]}}