{"id":17679,"date":"2023-11-29T17:24:48","date_gmt":"2023-11-29T23:24:48","guid":{"rendered":"https:\/\/gobernacionaltaverapaz.gob.gt\/?p=17679"},"modified":"2023-11-30T10:08:19","modified_gmt":"2023-11-30T16:08:19","slug":"primer-congreso-regional-inap-2023","status":"publish","type":"post","link":"https:\/\/gobernacionaltaverapaz.gob.gt\/?p=17679","title":{"rendered":"Primer Congreso Regional INAP 2023"},"content":{"rendered":"<p style=\"text-align: justify;\"><a href=\"https:\/\/www.facebook.com\/hashtag\/altaverapaz?__eep__=6&amp;__cft__[0]=AZX-rH14bZjjrknGkfmosQfHX-t9cV1yMYeD1fgPj5cqvk15kHk3G5Yt0rl63FgmWbH7d2Rffwu8f0_jPplMQrBOQOEHdGEDvu0qyeMdoEnnI7WFDt82rE3izKPm_Ws4k4b3b9SlKWRQjxnJ_Q5RrsbWu__bhQYOYsATpivGXhsD5KcVWJAKFMg82KemElYsTvU&amp;__tn__=*NK-R\" target=\"_blank\" rel=\"noopener\">#AltaVerapaz<\/a><\/p>\n<p style=\"text-align: justify;\">El d\u00eda de hoy se llev\u00f3 a cabo el Primer Congreso Regional <strong>INAP<\/strong> 2023 REGI\u00d3N NORTE, con el tema \u201cRetos y Desaf\u00edos en la Innovaci\u00f3n de la Gesti\u00f3n P\u00fablica\u201d en el cual se cont\u00f3 con la presencia de la Se\u00f1ora Gobernadora Departamental de Alta Verapaz y El Sr. Nehem\u00edas Jared Gobernador de Baja Verapaz, as\u00ed mismo representantes de las distintas municipalidades, Instituciones gubernamentales, Sociedad Civil, ONG y Cooperaci\u00f3n.<\/p>\n<p><a href=\"https:\/\/www.facebook.com\/hashtag\/elgobdelosguatemaltecos?__eep__=6&amp;__cft__[0]=AZX-rH14bZjjrknGkfmosQfHX-t9cV1yMYeD1fgPj5cqvk15kHk3G5Yt0rl63FgmWbH7d2Rffwu8f0_jPplMQrBOQOEHdGEDvu0qyeMdoEnnI7WFDt82rE3izKPm_Ws4k4b3b9SlKWRQjxnJ_Q5RrsbWu__bhQYOYsATpivGXhsD5KcVWJAKFMg82KemElYsTvU&amp;__tn__=*NK-R\" target=\"_blank\" rel=\"noopener\">#ElGobDeLosGuatemaltecos<\/a><\/p>\n<div><\/div>\n","protected":false},"excerpt":{"rendered":"<p>#AltaVerapaz El d\u00eda de hoy se llev\u00f3 a cabo el Primer Congreso Regional INAP 2023 REGI\u00d3N NORTE, con el tema \u201cRetos y Desaf\u00edos en la Innovaci\u00f3n de la Gesti\u00f3n P\u00fablica\u201d en el cual se cont\u00f3 con la presencia de la Se\u00f1ora Gobernadora Departamental de Alta Verapaz y El Sr. Nehem\u00edas Jared Gobernador de Baja Verapaz, [&hellip;]<\/p>\n","protected":false},"author":1,"featured_media":17686,"comment_status":"closed","ping_status":"open","sticky":false,"template":"","format":"gallery","meta":[],"categories":[191],"tags":[178],"_links":{"self":[{"href":"https:\/\/gobernacionaltaverapaz.gob.gt\/index.php?rest_route=\/wp\/v2\/posts\/17679"}],"collection":[{"href":"https:\/\/gobernacionaltaverapaz.gob.gt\/index.php?rest_route=\/wp\/v2\/posts"}],"about":[{"href":"https:\/\/gobernacionaltaverapaz.gob.gt\/index.php?rest_route=\/wp\/v2\/types\/post"}],"author":[{"embeddable":true,"href":"https:\/\/gobernacionaltaverapaz.gob.gt\/index.php?rest_route=\/wp\/v2\/users\/1"}],"replies":[{"embeddable":true,"href":"https:\/\/gobernacionaltaverapaz.gob.gt\/index.php?rest_route=%2Fwp%2Fv2%2Fcomments&post=17679"}],"version-history":[{"count":3,"href":"https:\/\/gobernacionaltaverapaz.gob.gt\/index.php?rest_route=\/wp\/v2\/posts\/17679\/revisions"}],"predecessor-version":[{"id":17691,"href":"https:\/\/gobernacionaltaverapaz.gob.gt\/index.php?rest_route=\/wp\/v2\/posts\/17679\/revisions\/17691"}],"wp:featuredmedia":[{"embeddable":true,"href":"https:\/\/gobernacionaltaverapaz.gob.gt\/index.php?rest_route=\/wp\/v2\/media\/17686"}],"wp:attachment":[{"href":"https:\/\/gobernacionaltaverapaz.gob.gt\/index.php?rest_route=%2Fwp%2Fv2%2Fmedia&parent=17679"}],"wp:term":[{"taxonomy":"category","embeddable":true,"href":"https:\/\/gobernacionaltaverapaz.gob.gt\/index.php?rest_route=%2Fwp%2Fv2%2Fcategories&post=17679"},{"taxonomy":"post_tag","embeddable":true,"href":"https:\/\/gobernacionaltaverapaz.gob.gt\/index.php?rest_route=%2Fwp%2Fv2%2Ftags&post=17679"}],"curies":[{"name":"wp","href":"https:\/\/api.w.org\/{rel}","templated":true}]}}