{"id":17692,"date":"2023-11-29T19:29:42","date_gmt":"2023-11-30T01:29:42","guid":{"rendered":"https:\/\/gobernacionaltaverapaz.gob.gt\/?p=17692"},"modified":"2023-11-30T10:50:21","modified_gmt":"2023-11-30T16:50:21","slug":"mejoramiento-sistema-de-alcantarillado-sanitario-y-pluvial-colonia-la-trinidad-san-pedro-carcha","status":"publish","type":"post","link":"https:\/\/gobernacionaltaverapaz.gob.gt\/?p=17692","title":{"rendered":"Mejoramiento Sistema de Alcantarillado Sanitario y Pluvial Colonia La Trinidad, San Pedro Carch\u00e1"},"content":{"rendered":"<p><a href=\"https:\/\/www.facebook.com\/hashtag\/altaverapaz?__eep__=6&amp;__cft__[0]=AZXGdENnbKpdlsar6wxvwVm8C4LviIozLxe1RSG8Kuw7TbpB7x5Uq687YJoQ1vIjiv9qs5DekHQFq2pHFmx3E7hEa1ClHHcCcSNPDETefVFgciciqcuAxpqEld6D988ILCLZd6S-89o8mFInSOF4WrR8n8jjqMqtjDqfne6Dwk4Uggxm6iNuNJoKA-qbM5JPF-8&amp;__tn__=*NK-R\" target=\"_blank\" rel=\"noopener\">#AltaVerapaz<\/a><\/p>\n<p style=\"text-align: justify;\">Como parte de las funciones de la Se\u00f1ora Gobernadora Departamental de Alta Verapaz, llev\u00f3 a cabo la Inauguraci\u00f3n del inicio del Proyecto:<\/p>\n<ul style=\"text-align: justify;\">\n<li>Mejoramiento Sistema de Alcantarillado Sanitario y Pluvial Colonia La Trinidad (Regi\u00f3n Urbana), del municipio de San Pedro Carch\u00e1, Alta Verapaz.<\/li>\n<\/ul>\n<p style=\"text-align: justify;\">Proyecto que beneficiar\u00e1 a m\u00e1s de 759 familias de la Colonia La Trinidad.<\/p>\n<p><a href=\"https:\/\/www.facebook.com\/hashtag\/accionesquetransforman?__eep__=6&amp;__cft__[0]=AZXGdENnbKpdlsar6wxvwVm8C4LviIozLxe1RSG8Kuw7TbpB7x5Uq687YJoQ1vIjiv9qs5DekHQFq2pHFmx3E7hEa1ClHHcCcSNPDETefVFgciciqcuAxpqEld6D988ILCLZd6S-89o8mFInSOF4WrR8n8jjqMqtjDqfne6Dwk4Uggxm6iNuNJoKA-qbM5JPF-8&amp;__tn__=*NK-R\" target=\"_blank\" rel=\"noopener\">#AccionesQueTransforman<\/a><\/p>\n<div><\/div>\n","protected":false},"excerpt":{"rendered":"<p>Proyecto que beneficiar\u00e1 a m\u00e1s de 759 familias de la Colonia La Trinidad.<\/p>\n","protected":false},"author":1,"featured_media":17695,"comment_status":"closed","ping_status":"open","sticky":false,"template":"","format":"gallery","meta":[],"categories":[174],"tags":[178],"_links":{"self":[{"href":"https:\/\/gobernacionaltaverapaz.gob.gt\/index.php?rest_route=\/wp\/v2\/posts\/17692"}],"collection":[{"href":"https:\/\/gobernacionaltaverapaz.gob.gt\/index.php?rest_route=\/wp\/v2\/posts"}],"about":[{"href":"https:\/\/gobernacionaltaverapaz.gob.gt\/index.php?rest_route=\/wp\/v2\/types\/post"}],"author":[{"embeddable":true,"href":"https:\/\/gobernacionaltaverapaz.gob.gt\/index.php?rest_route=\/wp\/v2\/users\/1"}],"replies":[{"embeddable":true,"href":"https:\/\/gobernacionaltaverapaz.gob.gt\/index.php?rest_route=%2Fwp%2Fv2%2Fcomments&post=17692"}],"version-history":[{"count":3,"href":"https:\/\/gobernacionaltaverapaz.gob.gt\/index.php?rest_route=\/wp\/v2\/posts\/17692\/revisions"}],"predecessor-version":[{"id":17699,"href":"https:\/\/gobernacionaltaverapaz.gob.gt\/index.php?rest_route=\/wp\/v2\/posts\/17692\/revisions\/17699"}],"wp:featuredmedia":[{"embeddable":true,"href":"https:\/\/gobernacionaltaverapaz.gob.gt\/index.php?rest_route=\/wp\/v2\/media\/17695"}],"wp:attachment":[{"href":"https:\/\/gobernacionaltaverapaz.gob.gt\/index.php?rest_route=%2Fwp%2Fv2%2Fmedia&parent=17692"}],"wp:term":[{"taxonomy":"category","embeddable":true,"href":"https:\/\/gobernacionaltaverapaz.gob.gt\/index.php?rest_route=%2Fwp%2Fv2%2Fcategories&post=17692"},{"taxonomy":"post_tag","embeddable":true,"href":"https:\/\/gobernacionaltaverapaz.gob.gt\/index.php?rest_route=%2Fwp%2Fv2%2Ftags&post=17692"}],"curies":[{"name":"wp","href":"https:\/\/api.w.org\/{rel}","templated":true}]}}