{"id":17715,"date":"2023-12-04T15:21:24","date_gmt":"2023-12-04T21:21:24","guid":{"rendered":"https:\/\/gobernacionaltaverapaz.gob.gt\/?p=17715"},"modified":"2023-12-28T09:17:09","modified_gmt":"2023-12-28T15:17:09","slug":"capacitacion-a-veteranos-militares","status":"publish","type":"post","link":"https:\/\/gobernacionaltaverapaz.gob.gt\/?p=17715","title":{"rendered":"Capacitaci\u00f3n a Veteranos Militares"},"content":{"rendered":"<p style=\"text-align: justify;\"><a href=\"https:\/\/www.facebook.com\/hashtag\/altaverapaz?__eep__=6&amp;__cft__[0]=AZXIpFUJ-pSMXdYEkh4E1Xi_3zJ2EhqMiDpG7yrPa8xA5IrlqGUWI-AJJDY5fXk38wl0hgonLDtpq2QJy3N6jSUwhVexXBkzYSBjooWfye7QzQ5KHOX2ItZ-7lgfhjDXuXUjZ-SvP8VXsZSwe78jW7OqZVuSCllBBY43vRTH5ytCfIBHJJAmQO-qOGwIcn3Yh4s&amp;__tn__=*NK-R\" target=\"_blank\" rel=\"noopener\">#AltaVerapaz<\/a><\/p>\n<p style=\"text-align: justify;\">MARN La Delegaci\u00f3n Departamental del Ministerio de Ambiente y Recursos Naturales de Alta Verapaz en coordinaci\u00f3n con el <a href=\"https:\/\/www.facebook.com\/hashtag\/mides?__eep__=6&amp;__cft__[0]=AZXIpFUJ-pSMXdYEkh4E1Xi_3zJ2EhqMiDpG7yrPa8xA5IrlqGUWI-AJJDY5fXk38wl0hgonLDtpq2QJy3N6jSUwhVexXBkzYSBjooWfye7QzQ5KHOX2ItZ-7lgfhjDXuXUjZ-SvP8VXsZSwe78jW7OqZVuSCllBBY43vRTH5ytCfIBHJJAmQO-qOGwIcn3Yh4s&amp;__tn__=*NK-R\" target=\"_blank\" rel=\"noopener\">#MIDES<\/a> ha atendido y capacitado en Residuos y Desechos S\u00f3lidos a 3,300 Veteranos Militares del departamento en cumplimiento al programa del decreto 51-2022 Ley de Desarrollo Integral Temporal.<\/p>\n<p style=\"text-align: justify;\"><a href=\"https:\/\/www.facebook.com\/hashtag\/elgobdelosguatemaltecos?__eep__=6&amp;__cft__[0]=AZXIpFUJ-pSMXdYEkh4E1Xi_3zJ2EhqMiDpG7yrPa8xA5IrlqGUWI-AJJDY5fXk38wl0hgonLDtpq2QJy3N6jSUwhVexXBkzYSBjooWfye7QzQ5KHOX2ItZ-7lgfhjDXuXUjZ-SvP8VXsZSwe78jW7OqZVuSCllBBY43vRTH5ytCfIBHJJAmQO-qOGwIcn3Yh4s&amp;__tn__=*NK-R\" target=\"_blank\" rel=\"noopener\">#ElGobDeLosGuatemaltecos<\/a><\/p>\n<div><\/div>\n","protected":false},"excerpt":{"rendered":"<p>#AltaVerapaz MARN La Delegaci\u00f3n Departamental del Ministerio de Ambiente y Recursos Naturales de Alta Verapaz en coordinaci\u00f3n con el #MIDES ha atendido y capacitado en Residuos y Desechos S\u00f3lidos a 3,300 Veteranos Militares del departamento en cumplimiento al programa del decreto 51-2022 Ley de Desarrollo Integral Temporal. #ElGobDeLosGuatemaltecos<\/p>\n","protected":false},"author":1,"featured_media":17721,"comment_status":"closed","ping_status":"open","sticky":false,"template":"","format":"gallery","meta":[],"categories":[6],"tags":[178],"_links":{"self":[{"href":"https:\/\/gobernacionaltaverapaz.gob.gt\/index.php?rest_route=\/wp\/v2\/posts\/17715"}],"collection":[{"href":"https:\/\/gobernacionaltaverapaz.gob.gt\/index.php?rest_route=\/wp\/v2\/posts"}],"about":[{"href":"https:\/\/gobernacionaltaverapaz.gob.gt\/index.php?rest_route=\/wp\/v2\/types\/post"}],"author":[{"embeddable":true,"href":"https:\/\/gobernacionaltaverapaz.gob.gt\/index.php?rest_route=\/wp\/v2\/users\/1"}],"replies":[{"embeddable":true,"href":"https:\/\/gobernacionaltaverapaz.gob.gt\/index.php?rest_route=%2Fwp%2Fv2%2Fcomments&post=17715"}],"version-history":[{"count":2,"href":"https:\/\/gobernacionaltaverapaz.gob.gt\/index.php?rest_route=\/wp\/v2\/posts\/17715\/revisions"}],"predecessor-version":[{"id":17725,"href":"https:\/\/gobernacionaltaverapaz.gob.gt\/index.php?rest_route=\/wp\/v2\/posts\/17715\/revisions\/17725"}],"wp:featuredmedia":[{"embeddable":true,"href":"https:\/\/gobernacionaltaverapaz.gob.gt\/index.php?rest_route=\/wp\/v2\/media\/17721"}],"wp:attachment":[{"href":"https:\/\/gobernacionaltaverapaz.gob.gt\/index.php?rest_route=%2Fwp%2Fv2%2Fmedia&parent=17715"}],"wp:term":[{"taxonomy":"category","embeddable":true,"href":"https:\/\/gobernacionaltaverapaz.gob.gt\/index.php?rest_route=%2Fwp%2Fv2%2Fcategories&post=17715"},{"taxonomy":"post_tag","embeddable":true,"href":"https:\/\/gobernacionaltaverapaz.gob.gt\/index.php?rest_route=%2Fwp%2Fv2%2Ftags&post=17715"}],"curies":[{"name":"wp","href":"https:\/\/api.w.org\/{rel}","templated":true}]}}