{"id":17726,"date":"2023-12-08T09:16:04","date_gmt":"2023-12-08T15:16:04","guid":{"rendered":"https:\/\/gobernacionaltaverapaz.gob.gt\/?p=17726"},"modified":"2023-12-28T09:40:37","modified_gmt":"2023-12-28T15:40:37","slug":"inauguracion-de-proyecto-ampliacion-escuela-primaria-caserio-santa-rita-chahal-a-v","status":"publish","type":"post","link":"https:\/\/gobernacionaltaverapaz.gob.gt\/?p=17726","title":{"rendered":"Inauguraci\u00f3n de Ampliaci\u00f3n de Escuela Primaria, Caser\u00edo Santa Rita, Chahal, A.V."},"content":{"rendered":"<p style=\"text-align: justify;\"><a href=\"https:\/\/www.facebook.com\/hashtag\/altaverapaz?__eep__=6&amp;__cft__[0]=AZXlTvfiiZ0D8SJiWqDBdbINeL2QNuI6bToT4oSAzs9aNg02DsYQZOJeEsg-ewelyCREnG9h0GRVW0rFfG-WtBekk4Swo_XCDOxzOoBbC6xlwUv4ujCPyN6XATAh1v0k7IohFH9N-c2IgbkF8DArQ5eONecw0PEUaGU8g9LRuDGI7m3McRlQlVCIWnep0OuUUY0&amp;__tn__=*NK-R\" target=\"_blank\" rel=\"noopener\">#AltaVerapaz<\/a><\/p>\n<p style=\"text-align: justify;\">El d\u00eda de ayer jueves 7 de noviembre, el Se\u00f1or Luis Rodolfo Barrientos, Alcalde Municipal de Chahal, A.V., llev\u00f3 a cabo la Inauguraci\u00f3n del Proyecto de Ampliaci\u00f3n de la Escuela Primaria Caser\u00edo Santa Rita, Chahal, Alta Verapaz, en compa\u00f1\u00eda de la Se\u00f1ora Gobernadora Departamental de Alta Verapaz, Lcda Angela Alvarado, Ing. Nict\u00e9 Herrera Directora del Consejo de Desarrollo <strong>CODEDE<\/strong>, Se\u00f1or Leopoldo Salazar, Diputado del Congreso de la Rep\u00fablica de Guatemala por el Departamento de Alta Verapaz.<\/p>\n<p style=\"text-align: justify;\">Este proyecto vendr\u00e1 a beneficiar a estudiantes del Caser\u00edo Santa Rita, ya que cuenta con un dise\u00f1o y ambiente moderno implementando el uso de la tecnolog\u00eda, con el objetivo de mejorar la calidad educativa.<\/p>\n<p style=\"text-align: justify;\"><a href=\"https:\/\/www.facebook.com\/hashtag\/accionesquetransforman?__eep__=6&amp;__cft__[0]=AZXlTvfiiZ0D8SJiWqDBdbINeL2QNuI6bToT4oSAzs9aNg02DsYQZOJeEsg-ewelyCREnG9h0GRVW0rFfG-WtBekk4Swo_XCDOxzOoBbC6xlwUv4ujCPyN6XATAh1v0k7IohFH9N-c2IgbkF8DArQ5eONecw0PEUaGU8g9LRuDGI7m3McRlQlVCIWnep0OuUUY0&amp;__tn__=*NK-R\" target=\"_blank\" rel=\"noopener\">#AccionesQueTransforman<\/a><\/p>\n<div><\/div>\n","protected":false},"excerpt":{"rendered":"<p>Con el objetivo de mejorar la calidad educativa.<\/p>\n","protected":false},"author":1,"featured_media":17728,"comment_status":"closed","ping_status":"open","sticky":false,"template":"","format":"gallery","meta":[],"categories":[2],"tags":[178],"_links":{"self":[{"href":"https:\/\/gobernacionaltaverapaz.gob.gt\/index.php?rest_route=\/wp\/v2\/posts\/17726"}],"collection":[{"href":"https:\/\/gobernacionaltaverapaz.gob.gt\/index.php?rest_route=\/wp\/v2\/posts"}],"about":[{"href":"https:\/\/gobernacionaltaverapaz.gob.gt\/index.php?rest_route=\/wp\/v2\/types\/post"}],"author":[{"embeddable":true,"href":"https:\/\/gobernacionaltaverapaz.gob.gt\/index.php?rest_route=\/wp\/v2\/users\/1"}],"replies":[{"embeddable":true,"href":"https:\/\/gobernacionaltaverapaz.gob.gt\/index.php?rest_route=%2Fwp%2Fv2%2Fcomments&post=17726"}],"version-history":[{"count":5,"href":"https:\/\/gobernacionaltaverapaz.gob.gt\/index.php?rest_route=\/wp\/v2\/posts\/17726\/revisions"}],"predecessor-version":[{"id":17742,"href":"https:\/\/gobernacionaltaverapaz.gob.gt\/index.php?rest_route=\/wp\/v2\/posts\/17726\/revisions\/17742"}],"wp:featuredmedia":[{"embeddable":true,"href":"https:\/\/gobernacionaltaverapaz.gob.gt\/index.php?rest_route=\/wp\/v2\/media\/17728"}],"wp:attachment":[{"href":"https:\/\/gobernacionaltaverapaz.gob.gt\/index.php?rest_route=%2Fwp%2Fv2%2Fmedia&parent=17726"}],"wp:term":[{"taxonomy":"category","embeddable":true,"href":"https:\/\/gobernacionaltaverapaz.gob.gt\/index.php?rest_route=%2Fwp%2Fv2%2Fcategories&post=17726"},{"taxonomy":"post_tag","embeddable":true,"href":"https:\/\/gobernacionaltaverapaz.gob.gt\/index.php?rest_route=%2Fwp%2Fv2%2Ftags&post=17726"}],"curies":[{"name":"wp","href":"https:\/\/api.w.org\/{rel}","templated":true}]}}