{"id":17743,"date":"2023-12-08T14:54:42","date_gmt":"2023-12-08T20:54:42","guid":{"rendered":"https:\/\/gobernacionaltaverapaz.gob.gt\/?p=17743"},"modified":"2023-12-28T09:49:26","modified_gmt":"2023-12-28T15:49:26","slug":"ultima-reunion-ordinaria-del-ejercicio-fiscal-2023","status":"publish","type":"post","link":"https:\/\/gobernacionaltaverapaz.gob.gt\/?p=17743","title":{"rendered":"\u00daltima Reuni\u00f3n Ordinaria del Ejercicio Fiscal 2023"},"content":{"rendered":"<p style=\"text-align: justify;\"><a href=\"https:\/\/www.facebook.com\/hashtag\/altaverapaz?__eep__=6&amp;__cft__[0]=AZVcFniLygWVMOeGWZagWo8wC_EEv5fXDqJFgpJ-_uOlYdVu1Nl3Qa61GsP29nBEjwnjw9A4UBBBGgBr5x_0t2k9Bz4PisX03H4kYxfg8TBhU5Eg-zzRP6q5062m4LkXXgvWpMOPqcFX8pQIkdB3vuhFEXHvdHdPfUVzKU2AgtU7soZnZ1oZSjm8visBNTLi_BQ&amp;__tn__=*NK-R\" target=\"_blank\" rel=\"noopener\">#AltaVerapaz<\/a><\/p>\n<p style=\"text-align: justify;\">Derivado a la coordinaci\u00f3n que se realiza cada mes con las diferentes Instituciones representadas ante el Organismo Colegiado del <strong>CODEDE A.V<\/strong>.<\/p>\n<p style=\"text-align: justify;\">En el Sal\u00f3n de las Am\u00e9ricas del Palacio de Gobernaci\u00f3n Departamental de Alta Verapaz, se llev\u00f3 a cabo la \u00daltima Reuni\u00f3n Ordinaria del Ejercicio Fiscal 2023, del Consejo Departamental de Desarrollo, la cual es presidida por la Se\u00f1ora Gobernadora Departamental Lcda. Angela Alvarado Ten\u00ed, para consensuar los diferentes temas que encaminan el desarrollo de los 17 municipios que conforman el departamento de Alta Verapaz.<\/p>\n<p style=\"text-align: justify;\"><a href=\"https:\/\/www.facebook.com\/hashtag\/elgobdelosguatemaltecos?__eep__=6&amp;__cft__[0]=AZVcFniLygWVMOeGWZagWo8wC_EEv5fXDqJFgpJ-_uOlYdVu1Nl3Qa61GsP29nBEjwnjw9A4UBBBGgBr5x_0t2k9Bz4PisX03H4kYxfg8TBhU5Eg-zzRP6q5062m4LkXXgvWpMOPqcFX8pQIkdB3vuhFEXHvdHdPfUVzKU2AgtU7soZnZ1oZSjm8visBNTLi_BQ&amp;__tn__=*NK-R\" target=\"_blank\" rel=\"noopener\">#ElGobDeLosGuatemaltecos<\/a><\/p>\n<div><\/div>\n","protected":false},"excerpt":{"rendered":"<p>#AltaVerapaz Derivado a la coordinaci\u00f3n que se realiza cada mes con las diferentes Instituciones representadas ante el Organismo Colegiado del CODEDE A.V. En el Sal\u00f3n de las Am\u00e9ricas del Palacio de Gobernaci\u00f3n Departamental de Alta Verapaz, se llev\u00f3 a cabo la \u00daltima Reuni\u00f3n Ordinaria del Ejercicio Fiscal 2023, del Consejo Departamental de Desarrollo, la cual [&hellip;]<\/p>\n","protected":false},"author":1,"featured_media":17747,"comment_status":"closed","ping_status":"open","sticky":false,"template":"","format":"gallery","meta":[],"categories":[183],"tags":[178],"_links":{"self":[{"href":"https:\/\/gobernacionaltaverapaz.gob.gt\/index.php?rest_route=\/wp\/v2\/posts\/17743"}],"collection":[{"href":"https:\/\/gobernacionaltaverapaz.gob.gt\/index.php?rest_route=\/wp\/v2\/posts"}],"about":[{"href":"https:\/\/gobernacionaltaverapaz.gob.gt\/index.php?rest_route=\/wp\/v2\/types\/post"}],"author":[{"embeddable":true,"href":"https:\/\/gobernacionaltaverapaz.gob.gt\/index.php?rest_route=\/wp\/v2\/users\/1"}],"replies":[{"embeddable":true,"href":"https:\/\/gobernacionaltaverapaz.gob.gt\/index.php?rest_route=%2Fwp%2Fv2%2Fcomments&post=17743"}],"version-history":[{"count":2,"href":"https:\/\/gobernacionaltaverapaz.gob.gt\/index.php?rest_route=\/wp\/v2\/posts\/17743\/revisions"}],"predecessor-version":[{"id":17753,"href":"https:\/\/gobernacionaltaverapaz.gob.gt\/index.php?rest_route=\/wp\/v2\/posts\/17743\/revisions\/17753"}],"wp:featuredmedia":[{"embeddable":true,"href":"https:\/\/gobernacionaltaverapaz.gob.gt\/index.php?rest_route=\/wp\/v2\/media\/17747"}],"wp:attachment":[{"href":"https:\/\/gobernacionaltaverapaz.gob.gt\/index.php?rest_route=%2Fwp%2Fv2%2Fmedia&parent=17743"}],"wp:term":[{"taxonomy":"category","embeddable":true,"href":"https:\/\/gobernacionaltaverapaz.gob.gt\/index.php?rest_route=%2Fwp%2Fv2%2Fcategories&post=17743"},{"taxonomy":"post_tag","embeddable":true,"href":"https:\/\/gobernacionaltaverapaz.gob.gt\/index.php?rest_route=%2Fwp%2Fv2%2Ftags&post=17743"}],"curies":[{"name":"wp","href":"https:\/\/api.w.org\/{rel}","templated":true}]}}