{"id":17754,"date":"2023-12-08T19:45:18","date_gmt":"2023-12-09T01:45:18","guid":{"rendered":"https:\/\/gobernacionaltaverapaz.gob.gt\/?p=17754"},"modified":"2023-12-28T10:02:40","modified_gmt":"2023-12-28T16:02:40","slug":"homenaje-a-jovenes-deportistas-en-conmemoracion-del-7-de-diciembre-dia-del-deportista","status":"publish","type":"post","link":"https:\/\/gobernacionaltaverapaz.gob.gt\/?p=17754","title":{"rendered":"Homenaje a j\u00f3venes deportistas en conmemoraci\u00f3n del 7 de diciembre D\u00eda del Deportista"},"content":{"rendered":"<p style=\"text-align: justify;\"><a href=\"https:\/\/www.facebook.com\/hashtag\/altaverapaz?__eep__=6&amp;__cft__[0]=AZU-majtzdSCQwYNGSIzIPtNvSuR6Zw8FsAWjPhoUoejQs61_1NF5OdGigEnBxxaKF8dP1KOiD1FOmq28AdCMiByA54VgtQrWQkdTlhHPgDsmV1BXWKFSTgdAvbKxmktdg4qfOqYC8MsGGVe7xVQimczO5lhKDCLs85_-Dqc2Tz3VJAAi-093ebkQbSFEC-P5dk&amp;__tn__=*NK-R\" target=\"_blank\" rel=\"noopener\">#AltaVerapaz<\/a><\/p>\n<p style=\"text-align: justify;\">El d\u00eda de hoy el Consejo Nacional del Deporte de Educaci\u00f3n F\u00edsica y la Recreaci\u00f3n, <strong>CONDEDER<\/strong>, llev\u00f3 a cabo Homenaje a j\u00f3venes deportistas en conmemoraci\u00f3n del 7 de diciembre D\u00eda del Deportista. Contando con la presencia de la Se\u00f1ora Gobernadora Departamental de Alta Verapaz Lcda. Angela Alvarado Ten\u00ed.<\/p>\n<p style=\"text-align: justify;\">Los homenajeados pertenecen a las distintas entidades deportivas entre ellas <strong>CDAG<\/strong>, <strong>DIGEF<\/strong>, Ministerio de Cultura y deporte, altruistas deportivos, entrenadores reconocidos, deporte inclusivo con capacidades especiales <strong>CREI<\/strong>.<\/p>\n<p><a href=\"https:\/\/www.facebook.com\/hashtag\/accionesquetransforman?__eep__=6&amp;__cft__[0]=AZU-majtzdSCQwYNGSIzIPtNvSuR6Zw8FsAWjPhoUoejQs61_1NF5OdGigEnBxxaKF8dP1KOiD1FOmq28AdCMiByA54VgtQrWQkdTlhHPgDsmV1BXWKFSTgdAvbKxmktdg4qfOqYC8MsGGVe7xVQimczO5lhKDCLs85_-Dqc2Tz3VJAAi-093ebkQbSFEC-P5dk&amp;__tn__=*NK-R\" target=\"_blank\" rel=\"noopener\">#AccionesQueTransforman<\/a><\/p>\n<div><\/div>\n","protected":false},"excerpt":{"rendered":"<p>#AltaVerapaz El d\u00eda de hoy el Consejo Nacional del Deporte de Educaci\u00f3n F\u00edsica y la Recreaci\u00f3n, CONDEDER, llev\u00f3 a cabo Homenaje a j\u00f3venes deportistas en conmemoraci\u00f3n del 7 de diciembre D\u00eda del Deportista. Contando con la presencia de la Se\u00f1ora Gobernadora Departamental de Alta Verapaz Lcda. Angela Alvarado Ten\u00ed. Los homenajeados pertenecen a las distintas [&hellip;]<\/p>\n","protected":false},"author":1,"featured_media":17765,"comment_status":"closed","ping_status":"open","sticky":false,"template":"","format":"gallery","meta":[],"categories":[183,177],"tags":[178],"_links":{"self":[{"href":"https:\/\/gobernacionaltaverapaz.gob.gt\/index.php?rest_route=\/wp\/v2\/posts\/17754"}],"collection":[{"href":"https:\/\/gobernacionaltaverapaz.gob.gt\/index.php?rest_route=\/wp\/v2\/posts"}],"about":[{"href":"https:\/\/gobernacionaltaverapaz.gob.gt\/index.php?rest_route=\/wp\/v2\/types\/post"}],"author":[{"embeddable":true,"href":"https:\/\/gobernacionaltaverapaz.gob.gt\/index.php?rest_route=\/wp\/v2\/users\/1"}],"replies":[{"embeddable":true,"href":"https:\/\/gobernacionaltaverapaz.gob.gt\/index.php?rest_route=%2Fwp%2Fv2%2Fcomments&post=17754"}],"version-history":[{"count":2,"href":"https:\/\/gobernacionaltaverapaz.gob.gt\/index.php?rest_route=\/wp\/v2\/posts\/17754\/revisions"}],"predecessor-version":[{"id":17767,"href":"https:\/\/gobernacionaltaverapaz.gob.gt\/index.php?rest_route=\/wp\/v2\/posts\/17754\/revisions\/17767"}],"wp:featuredmedia":[{"embeddable":true,"href":"https:\/\/gobernacionaltaverapaz.gob.gt\/index.php?rest_route=\/wp\/v2\/media\/17765"}],"wp:attachment":[{"href":"https:\/\/gobernacionaltaverapaz.gob.gt\/index.php?rest_route=%2Fwp%2Fv2%2Fmedia&parent=17754"}],"wp:term":[{"taxonomy":"category","embeddable":true,"href":"https:\/\/gobernacionaltaverapaz.gob.gt\/index.php?rest_route=%2Fwp%2Fv2%2Fcategories&post=17754"},{"taxonomy":"post_tag","embeddable":true,"href":"https:\/\/gobernacionaltaverapaz.gob.gt\/index.php?rest_route=%2Fwp%2Fv2%2Ftags&post=17754"}],"curies":[{"name":"wp","href":"https:\/\/api.w.org\/{rel}","templated":true}]}}