{"id":17768,"date":"2023-12-12T17:19:24","date_gmt":"2023-12-12T23:19:24","guid":{"rendered":"https:\/\/gobernacionaltaverapaz.gob.gt\/?p=17768"},"modified":"2023-12-28T10:17:38","modified_gmt":"2023-12-28T16:17:38","slug":"festival-artistico-de-expresiones-culturales-en-el-marco-del-desarrollo-de-una-cultura-de-paz-en-aldea-raxaha-san-pedro-carcha-a-v","status":"publish","type":"post","link":"https:\/\/gobernacionaltaverapaz.gob.gt\/?p=17768","title":{"rendered":"Festival Art\u00edstico de Expresiones Culturales en el Marco del Desarrollo de una Cultura de Paz, en Aldea Raxah\u00e1, San Pedro Carch\u00e1 A.V."},"content":{"rendered":"<p style=\"text-align: justify;\"><a href=\"https:\/\/www.facebook.com\/hashtag\/altaverapaz?__eep__=6&amp;__cft__[0]=AZXA2iUu70ZHYmmYmaoELD7GRAqVaFc1Ew0T-IhOEbtERgj--_y2C5uPoLuvI1PH_12j5Xe0OIeLHHM0EQa4pe2VdSUdAp5MmCReU4PaCrnFGi7E1fNbQjAvdkNraeCiwfPGM3DL_ZgoeEyeGAd9-9OfklgZpwCWKh6YM-ZrbT64EZhjBSt7NEG9bSqKKKYq91M&amp;__tn__=*NK-R\" target=\"_blank\" rel=\"noopener\">#AltaVerapaz<\/a><\/p>\n<p style=\"text-align: justify;\">Como parte de las acciones de Gobernaci\u00f3n, la Se\u00f1ora Gobernadora Departamental de Alta Verapaz Lcda. Angela Alvarado, en coordinaci\u00f3n con la Unidad para la Prevenci\u00f3n Comunitaria de la Violencia del Tercer Viceministerio de Gobernaci\u00f3n e Instituciones Gubernamentales, llevaron a cabo el \u201cFestival por la Paz\u201d Festival Art\u00edstico de Expresiones Culturales en el Marco del Desarrollo de una Cultura de Paz, en Aldea Raxah\u00e1, San Pedro Carch\u00e1, Alta Verapaz.<\/p>\n<p style=\"text-align: justify;\">Con el objetivo de desarrollar espacios de convivencia, fortalecer una cultura de paz,\u00a0\u00a0\u00a0\u00a0\u00a0\u00a0\u00a0\u00a0\u00a0\u00a0 fomentar los valores y acciones para el desarrollo humano.<\/p>\n<p><a href=\"https:\/\/www.facebook.com\/hashtag\/accionesquetransforman?__eep__=6&amp;__cft__[0]=AZXA2iUu70ZHYmmYmaoELD7GRAqVaFc1Ew0T-IhOEbtERgj--_y2C5uPoLuvI1PH_12j5Xe0OIeLHHM0EQa4pe2VdSUdAp5MmCReU4PaCrnFGi7E1fNbQjAvdkNraeCiwfPGM3DL_ZgoeEyeGAd9-9OfklgZpwCWKh6YM-ZrbT64EZhjBSt7NEG9bSqKKKYq91M&amp;__tn__=*NK-R\" target=\"_blank\" rel=\"noopener\">#AccionesQueTransforman<\/a><\/p>\n<div><\/div>\n","protected":false},"excerpt":{"rendered":"<p>#AltaVerapaz Como parte de las acciones de Gobernaci\u00f3n, la Se\u00f1ora Gobernadora Departamental de Alta Verapaz Lcda. Angela Alvarado, en coordinaci\u00f3n con la Unidad para la Prevenci\u00f3n Comunitaria de la Violencia del Tercer Viceministerio de Gobernaci\u00f3n e Instituciones Gubernamentales, llevaron a cabo el \u201cFestival por la Paz\u201d Festival Art\u00edstico de Expresiones Culturales en el Marco del [&hellip;]<\/p>\n","protected":false},"author":1,"featured_media":17776,"comment_status":"closed","ping_status":"open","sticky":false,"template":"","format":"gallery","meta":[],"categories":[183,2],"tags":[178],"_links":{"self":[{"href":"https:\/\/gobernacionaltaverapaz.gob.gt\/index.php?rest_route=\/wp\/v2\/posts\/17768"}],"collection":[{"href":"https:\/\/gobernacionaltaverapaz.gob.gt\/index.php?rest_route=\/wp\/v2\/posts"}],"about":[{"href":"https:\/\/gobernacionaltaverapaz.gob.gt\/index.php?rest_route=\/wp\/v2\/types\/post"}],"author":[{"embeddable":true,"href":"https:\/\/gobernacionaltaverapaz.gob.gt\/index.php?rest_route=\/wp\/v2\/users\/1"}],"replies":[{"embeddable":true,"href":"https:\/\/gobernacionaltaverapaz.gob.gt\/index.php?rest_route=%2Fwp%2Fv2%2Fcomments&post=17768"}],"version-history":[{"count":4,"href":"https:\/\/gobernacionaltaverapaz.gob.gt\/index.php?rest_route=\/wp\/v2\/posts\/17768\/revisions"}],"predecessor-version":[{"id":17781,"href":"https:\/\/gobernacionaltaverapaz.gob.gt\/index.php?rest_route=\/wp\/v2\/posts\/17768\/revisions\/17781"}],"wp:featuredmedia":[{"embeddable":true,"href":"https:\/\/gobernacionaltaverapaz.gob.gt\/index.php?rest_route=\/wp\/v2\/media\/17776"}],"wp:attachment":[{"href":"https:\/\/gobernacionaltaverapaz.gob.gt\/index.php?rest_route=%2Fwp%2Fv2%2Fmedia&parent=17768"}],"wp:term":[{"taxonomy":"category","embeddable":true,"href":"https:\/\/gobernacionaltaverapaz.gob.gt\/index.php?rest_route=%2Fwp%2Fv2%2Fcategories&post=17768"},{"taxonomy":"post_tag","embeddable":true,"href":"https:\/\/gobernacionaltaverapaz.gob.gt\/index.php?rest_route=%2Fwp%2Fv2%2Ftags&post=17768"}],"curies":[{"name":"wp","href":"https:\/\/api.w.org\/{rel}","templated":true}]}}