{"id":17796,"date":"2023-12-19T12:50:42","date_gmt":"2023-12-19T18:50:42","guid":{"rendered":"https:\/\/gobernacionaltaverapaz.gob.gt\/?p=17796"},"modified":"2023-12-28T10:47:44","modified_gmt":"2023-12-28T16:47:44","slug":"inauguracion-del-proyecto-de-mejoramiento-centro-de-salud-barrio-el-centro-chahal-alta-verapaz","status":"publish","type":"post","link":"https:\/\/gobernacionaltaverapaz.gob.gt\/?p=17796","title":{"rendered":"Inauguraci\u00f3n del Proyecto de Mejoramiento Centro de Salud Barrio El Centro Chahal, A.V."},"content":{"rendered":"<p style=\"text-align: justify;\"><a href=\"https:\/\/www.facebook.com\/hashtag\/altaverapaz?__eep__=6&amp;__cft__[0]=AZUYaP0w6isMFrfwCS_eLfGgtoZ6AOe5wR6z62Hp-LrpBxMBlxwgHXZCX81rX6hmEg1ocovh5_kn8WbI7Bru0gqmhoUxf8o7g8ZFwRmJSucEJSWabwKDMAXbiuZesrjg7V-6AJcIWT0E-rGYIVMDHP_ZF9Doy7AR-mDx-9_rlv6cX_jBybN-XeNSE9MfiVr3oC4&amp;__tn__=*NK-R\" target=\"_blank\" rel=\"noopener\">#AltaVerapaz<\/a><\/p>\n<p style=\"text-align: justify;\">El Se\u00f1or Luis Rodolfo Barrientos, Alcalde Municipal de Chahal, A.V., llev\u00f3 a cabo la Inauguraci\u00f3n del Proyecto de Mejoramiento Centro de Salud Barrio El Centro Chahal, Alta Verapaz, en compa\u00f1\u00eda de la Se\u00f1ora Gobernadora Departamental de Alta Verapaz, Lcda Angela Alvarado, Ing. Nict\u00e9 Herrera Directora del Consejo de Desarrollo <strong>CODEDE<\/strong>, Dr. Erikson Mor\u00e1n Director Departamental\u00a0 de Redes Integradas del Servicio de Salud de Alta Verapaz (<strong>DDRISSAV<\/strong>).<\/p>\n<p style=\"text-align: justify;\">Este proyecto vendr\u00e1 a dar beneficio a la poblaci\u00f3n pues est\u00e1 enfocado en la mejora de los servicios de salud, debido a que contar\u00e1 con mejor equipaci\u00f3n para atender las diferentes necesidades que presentan las familias del municipio de San Fernando Chahal.<\/p>\n<p style=\"text-align: justify;\"><a href=\"https:\/\/www.facebook.com\/hashtag\/accionesquetransforman?__eep__=6&amp;__cft__[0]=AZUYaP0w6isMFrfwCS_eLfGgtoZ6AOe5wR6z62Hp-LrpBxMBlxwgHXZCX81rX6hmEg1ocovh5_kn8WbI7Bru0gqmhoUxf8o7g8ZFwRmJSucEJSWabwKDMAXbiuZesrjg7V-6AJcIWT0E-rGYIVMDHP_ZF9Doy7AR-mDx-9_rlv6cX_jBybN-XeNSE9MfiVr3oC4&amp;__tn__=*NK-R\" target=\"_blank\" rel=\"noopener\">#AccionesQueTransforman<\/a><\/p>\n<div><\/div>\n","protected":false},"excerpt":{"rendered":"<p>#AltaVerapaz El Se\u00f1or Luis Rodolfo Barrientos, Alcalde Municipal de Chahal, A.V., llev\u00f3 a cabo la Inauguraci\u00f3n del Proyecto de Mejoramiento Centro de Salud Barrio El Centro Chahal, Alta Verapaz, en compa\u00f1\u00eda de la Se\u00f1ora Gobernadora Departamental de Alta Verapaz, Lcda Angela Alvarado, Ing. Nict\u00e9 Herrera Directora del Consejo de Desarrollo CODEDE, Dr. Erikson Mor\u00e1n Director [&hellip;]<\/p>\n","protected":false},"author":1,"featured_media":17804,"comment_status":"closed","ping_status":"open","sticky":false,"template":"","format":"gallery","meta":[],"categories":[5],"tags":[178],"_links":{"self":[{"href":"https:\/\/gobernacionaltaverapaz.gob.gt\/index.php?rest_route=\/wp\/v2\/posts\/17796"}],"collection":[{"href":"https:\/\/gobernacionaltaverapaz.gob.gt\/index.php?rest_route=\/wp\/v2\/posts"}],"about":[{"href":"https:\/\/gobernacionaltaverapaz.gob.gt\/index.php?rest_route=\/wp\/v2\/types\/post"}],"author":[{"embeddable":true,"href":"https:\/\/gobernacionaltaverapaz.gob.gt\/index.php?rest_route=\/wp\/v2\/users\/1"}],"replies":[{"embeddable":true,"href":"https:\/\/gobernacionaltaverapaz.gob.gt\/index.php?rest_route=%2Fwp%2Fv2%2Fcomments&post=17796"}],"version-history":[{"count":3,"href":"https:\/\/gobernacionaltaverapaz.gob.gt\/index.php?rest_route=\/wp\/v2\/posts\/17796\/revisions"}],"predecessor-version":[{"id":17816,"href":"https:\/\/gobernacionaltaverapaz.gob.gt\/index.php?rest_route=\/wp\/v2\/posts\/17796\/revisions\/17816"}],"wp:featuredmedia":[{"embeddable":true,"href":"https:\/\/gobernacionaltaverapaz.gob.gt\/index.php?rest_route=\/wp\/v2\/media\/17804"}],"wp:attachment":[{"href":"https:\/\/gobernacionaltaverapaz.gob.gt\/index.php?rest_route=%2Fwp%2Fv2%2Fmedia&parent=17796"}],"wp:term":[{"taxonomy":"category","embeddable":true,"href":"https:\/\/gobernacionaltaverapaz.gob.gt\/index.php?rest_route=%2Fwp%2Fv2%2Fcategories&post=17796"},{"taxonomy":"post_tag","embeddable":true,"href":"https:\/\/gobernacionaltaverapaz.gob.gt\/index.php?rest_route=%2Fwp%2Fv2%2Ftags&post=17796"}],"curies":[{"name":"wp","href":"https:\/\/api.w.org\/{rel}","templated":true}]}}