{"id":17837,"date":"2023-12-23T17:41:10","date_gmt":"2023-12-23T23:41:10","guid":{"rendered":"https:\/\/gobernacionaltaverapaz.gob.gt\/?p=17837"},"modified":"2023-12-28T11:28:39","modified_gmt":"2023-12-28T17:28:39","slug":"inauguracion-del-proyecto-denominado-mejoramiento-centro-comunitario-de-salud-aldea-tuzam-lanquin-a-v","status":"publish","type":"post","link":"https:\/\/gobernacionaltaverapaz.gob.gt\/?p=17837","title":{"rendered":"Inauguraci\u00f3n del Proyecto Mejoramiento Centro Comunitario de Salud Aldea Tuzam, Lanqu\u00edn A.V."},"content":{"rendered":"<p style=\"text-align: justify;\"><a href=\"https:\/\/www.facebook.com\/hashtag\/altaverapaz?__eep__=6&amp;__cft__[0]=AZUCFIm9C-O-reo6DC1SMPqrxzKwNILQaetMG07N1CB0JP5nLzdulJkz6A6q6ocXLx-SaWfjgl1OvtDZ-UdPKz7ASTWMfxx9pUywN0ObZ6Lik51A15S1YgtrJ3QF5QUqpsDBAKCT9yW5NYsW3YE4j6Mp7nSvIXpXNwIsyCVHMHDP1d8nF5kfCEFt7avD90dnuIc&amp;__tn__=*NK-R\" target=\"_blank\" rel=\"noopener\">#AltaVerapaz<\/a><\/p>\n<p style=\"text-align: justify;\">Mejoramiento Centro Comunitario de Salud Aldea Tuzam, Lanqu\u00edn Alta Verapaz.<\/p>\n<p style=\"text-align: justify;\">El Profesor Francisco Pop Alcalde municipal llev\u00f3 a cabo la Inauguraci\u00f3n del Proyecto denominado Mejoramiento Centro Comunitario de Salud Aldea Tuzam, Lanqu\u00edn Alta Verapaz, en compa\u00f1\u00eda de la Gobernadora Departamental de Alta Verapaz, Lcda Angela Alvarado Ten\u00ed, autoridades departamentales del \u00e1rea de salud y representantes del CAP Lanqu\u00edn.<\/p>\n<p style=\"text-align: justify;\"><a href=\"https:\/\/www.facebook.com\/hashtag\/accionesquetransforman?__eep__=6&amp;__cft__[0]=AZUCFIm9C-O-reo6DC1SMPqrxzKwNILQaetMG07N1CB0JP5nLzdulJkz6A6q6ocXLx-SaWfjgl1OvtDZ-UdPKz7ASTWMfxx9pUywN0ObZ6Lik51A15S1YgtrJ3QF5QUqpsDBAKCT9yW5NYsW3YE4j6Mp7nSvIXpXNwIsyCVHMHDP1d8nF5kfCEFt7avD90dnuIc&amp;__tn__=*NK-R\" target=\"_blank\" rel=\"noopener\">#AccionesQueTransforman<\/a><\/p>\n<div><\/div>\n","protected":false},"excerpt":{"rendered":"<p>#AltaVerapaz Mejoramiento Centro Comunitario de Salud Aldea Tuzam, Lanqu\u00edn Alta Verapaz. El Profesor Francisco Pop Alcalde municipal llev\u00f3 a cabo la Inauguraci\u00f3n del Proyecto denominado Mejoramiento Centro Comunitario de Salud Aldea Tuzam, Lanqu\u00edn Alta Verapaz, en compa\u00f1\u00eda de la Gobernadora Departamental de Alta Verapaz, Lcda Angela Alvarado Ten\u00ed, autoridades departamentales del \u00e1rea de salud y [&hellip;]<\/p>\n","protected":false},"author":1,"featured_media":17843,"comment_status":"closed","ping_status":"open","sticky":false,"template":"","format":"gallery","meta":[],"categories":[5],"tags":[178],"_links":{"self":[{"href":"https:\/\/gobernacionaltaverapaz.gob.gt\/index.php?rest_route=\/wp\/v2\/posts\/17837"}],"collection":[{"href":"https:\/\/gobernacionaltaverapaz.gob.gt\/index.php?rest_route=\/wp\/v2\/posts"}],"about":[{"href":"https:\/\/gobernacionaltaverapaz.gob.gt\/index.php?rest_route=\/wp\/v2\/types\/post"}],"author":[{"embeddable":true,"href":"https:\/\/gobernacionaltaverapaz.gob.gt\/index.php?rest_route=\/wp\/v2\/users\/1"}],"replies":[{"embeddable":true,"href":"https:\/\/gobernacionaltaverapaz.gob.gt\/index.php?rest_route=%2Fwp%2Fv2%2Fcomments&post=17837"}],"version-history":[{"count":5,"href":"https:\/\/gobernacionaltaverapaz.gob.gt\/index.php?rest_route=\/wp\/v2\/posts\/17837\/revisions"}],"predecessor-version":[{"id":17856,"href":"https:\/\/gobernacionaltaverapaz.gob.gt\/index.php?rest_route=\/wp\/v2\/posts\/17837\/revisions\/17856"}],"wp:featuredmedia":[{"embeddable":true,"href":"https:\/\/gobernacionaltaverapaz.gob.gt\/index.php?rest_route=\/wp\/v2\/media\/17843"}],"wp:attachment":[{"href":"https:\/\/gobernacionaltaverapaz.gob.gt\/index.php?rest_route=%2Fwp%2Fv2%2Fmedia&parent=17837"}],"wp:term":[{"taxonomy":"category","embeddable":true,"href":"https:\/\/gobernacionaltaverapaz.gob.gt\/index.php?rest_route=%2Fwp%2Fv2%2Fcategories&post=17837"},{"taxonomy":"post_tag","embeddable":true,"href":"https:\/\/gobernacionaltaverapaz.gob.gt\/index.php?rest_route=%2Fwp%2Fv2%2Ftags&post=17837"}],"curies":[{"name":"wp","href":"https:\/\/api.w.org\/{rel}","templated":true}]}}