{"id":17858,"date":"2024-01-10T17:36:22","date_gmt":"2024-01-10T23:36:22","guid":{"rendered":"https:\/\/gobernacionaltaverapaz.gob.gt\/?p=17858"},"modified":"2024-01-11T09:25:30","modified_gmt":"2024-01-11T15:25:30","slug":"reunion-con-la-comision-de-seguridad-plan-de-seguridad-ciudadana-por-transicion-de-gobierno-2024-2028","status":"publish","type":"post","link":"https:\/\/gobernacionaltaverapaz.gob.gt\/?p=17858","title":{"rendered":"Reuni\u00f3n con la Comisi\u00f3n de Seguridad \u201cPlan de Seguridad Ciudadana por Transici\u00f3n de Gobierno 2024-2028&#8243;"},"content":{"rendered":"<p><a href=\"https:\/\/www.facebook.com\/hashtag\/altaverapaz?__eep__=6&amp;__cft__%5b0%5d=AZXZZatAfarzMsSKt-qTmaBgE9cEc_KlQr71NH4opOOa9WuNJpO_qpT5dx-fUVJWZtg0ihb4SbvBgHLg-_t_zssX-e-L-izSXyOtyBYgKpCiw9K4Z2TNBmeAv1IejXXhaalGRBt7RFWWgq4xmOmSoL-dE_LIGO34JyxPbINypnM7D3_un0bwud-_c0yxlOAwBIs&amp;__tn__=*NK-R\" target=\"_blank\" rel=\"noopener\">#AltaVerapaz<\/a><\/p>\n<p style=\"text-align: justify;\">Esta tarde la Se\u00f1ora Gobernadora Departamental de Alta Verapaz Licda. Angela Alvarado, llev\u00f3 a cabo una Reuni\u00f3n con la Comisi\u00f3n de Seguridad \u201cPlan de Seguridad Ciudadana por Transici\u00f3n de Gobierno 2024-2028&#8243;, la cual tiene como objetivo coordinar acciones necesarias en prevenci\u00f3n a cualquier evento de violencia que pueda suscitarse durante y despu\u00e9s de la toma de posesi\u00f3n de las nuevas autoridades electas.<\/p>\n<p><a href=\"https:\/\/www.facebook.com\/hashtag\/accionesquetransforman?__eep__=6&amp;__cft__%5b0%5d=AZXZZatAfarzMsSKt-qTmaBgE9cEc_KlQr71NH4opOOa9WuNJpO_qpT5dx-fUVJWZtg0ihb4SbvBgHLg-_t_zssX-e-L-izSXyOtyBYgKpCiw9K4Z2TNBmeAv1IejXXhaalGRBt7RFWWgq4xmOmSoL-dE_LIGO34JyxPbINypnM7D3_un0bwud-_c0yxlOAwBIs&amp;__tn__=*NK-R\" target=\"_blank\" rel=\"noopener\">#AccionesQueTransforman<\/a><\/p>\n<p><img decoding=\"async\" loading=\"lazy\" class=\"alignnone size-full wp-image-17859\" src=\"https:\/\/gobernacionaltaverapaz.gob.gt\/wp-content\/uploads\/2024\/01\/001.jpg\" alt=\"\" width=\"900\" height=\"600\" srcset=\"https:\/\/gobernacionaltaverapaz.gob.gt\/wp-content\/uploads\/2024\/01\/001.jpg 900w, https:\/\/gobernacionaltaverapaz.gob.gt\/wp-content\/uploads\/2024\/01\/001-300x200.jpg 300w, https:\/\/gobernacionaltaverapaz.gob.gt\/wp-content\/uploads\/2024\/01\/001-768x512.jpg 768w\" sizes=\"(max-width: 900px) 100vw, 900px\" \/> <img decoding=\"async\" loading=\"lazy\" class=\"alignnone size-full wp-image-17860\" src=\"https:\/\/gobernacionaltaverapaz.gob.gt\/wp-content\/uploads\/2024\/01\/002.jpg\" alt=\"\" width=\"900\" height=\"600\" srcset=\"https:\/\/gobernacionaltaverapaz.gob.gt\/wp-content\/uploads\/2024\/01\/002.jpg 900w, https:\/\/gobernacionaltaverapaz.gob.gt\/wp-content\/uploads\/2024\/01\/002-300x200.jpg 300w, https:\/\/gobernacionaltaverapaz.gob.gt\/wp-content\/uploads\/2024\/01\/002-768x512.jpg 768w\" sizes=\"(max-width: 900px) 100vw, 900px\" \/><\/p>\n","protected":false},"excerpt":{"rendered":"<p>#AltaVerapaz Esta tarde la Se\u00f1ora Gobernadora Departamental de Alta Verapaz Licda. Angela Alvarado, llev\u00f3 a cabo una Reuni\u00f3n con la Comisi\u00f3n de Seguridad \u201cPlan de Seguridad Ciudadana por Transici\u00f3n de Gobierno 2024-2028&#8243;, la cual tiene como objetivo coordinar acciones necesarias en prevenci\u00f3n a cualquier evento de violencia que pueda suscitarse durante y despu\u00e9s de la [&hellip;]<\/p>\n","protected":false},"author":1,"featured_media":17861,"comment_status":"closed","ping_status":"open","sticky":false,"template":"","format":"standard","meta":[],"categories":[183],"tags":[178],"_links":{"self":[{"href":"https:\/\/gobernacionaltaverapaz.gob.gt\/index.php?rest_route=\/wp\/v2\/posts\/17858"}],"collection":[{"href":"https:\/\/gobernacionaltaverapaz.gob.gt\/index.php?rest_route=\/wp\/v2\/posts"}],"about":[{"href":"https:\/\/gobernacionaltaverapaz.gob.gt\/index.php?rest_route=\/wp\/v2\/types\/post"}],"author":[{"embeddable":true,"href":"https:\/\/gobernacionaltaverapaz.gob.gt\/index.php?rest_route=\/wp\/v2\/users\/1"}],"replies":[{"embeddable":true,"href":"https:\/\/gobernacionaltaverapaz.gob.gt\/index.php?rest_route=%2Fwp%2Fv2%2Fcomments&post=17858"}],"version-history":[{"count":2,"href":"https:\/\/gobernacionaltaverapaz.gob.gt\/index.php?rest_route=\/wp\/v2\/posts\/17858\/revisions"}],"predecessor-version":[{"id":17863,"href":"https:\/\/gobernacionaltaverapaz.gob.gt\/index.php?rest_route=\/wp\/v2\/posts\/17858\/revisions\/17863"}],"wp:featuredmedia":[{"embeddable":true,"href":"https:\/\/gobernacionaltaverapaz.gob.gt\/index.php?rest_route=\/wp\/v2\/media\/17861"}],"wp:attachment":[{"href":"https:\/\/gobernacionaltaverapaz.gob.gt\/index.php?rest_route=%2Fwp%2Fv2%2Fmedia&parent=17858"}],"wp:term":[{"taxonomy":"category","embeddable":true,"href":"https:\/\/gobernacionaltaverapaz.gob.gt\/index.php?rest_route=%2Fwp%2Fv2%2Fcategories&post=17858"},{"taxonomy":"post_tag","embeddable":true,"href":"https:\/\/gobernacionaltaverapaz.gob.gt\/index.php?rest_route=%2Fwp%2Fv2%2Ftags&post=17858"}],"curies":[{"name":"wp","href":"https:\/\/api.w.org\/{rel}","templated":true}]}}